{"id":23002,"date":"2023-06-22T18:23:21","date_gmt":"2023-06-22T21:23:21","guid":{"rendered":"https:\/\/chacosintesis.com.ar\/?p=23002"},"modified":"2023-06-22T18:37:05","modified_gmt":"2023-06-22T21:37:05","slug":"con-el-refrigerio-este-viernes-inicia-el-cronograma-de-pagos-a-la-administracion-publica","status":"publish","type":"post","link":"https:\/\/chacosintesis.com.ar\/index.php\/con-el-refrigerio-este-viernes-inicia-el-cronograma-de-pagos-a-la-administracion-publica\/","title":{"rendered":"Con el Refrigerio, este viernes inicia el cronograma de pagos a la administraci\u00f3n p\u00fablica"},"content":{"rendered":"<p>Las y los trabajadores del Estado que cobrabran $24.500 ahora pasar\u00e1n a percibir $28.500 El ministro de Planificaci\u00f3n, Econom\u00eda e Infraestructura, Santiago Perez Pons, inform\u00f3 que este viernes se abonar\u00e1 el Refrigerio a las y los trabajadores activos de la administraci\u00f3n p\u00fablica provincial, con un nuevo aumento, el segundo de los tres estipulados. \u201cNuestro objetivo contin\u00faa siendo que los salarios le ganen a la inflaci\u00f3n, trabajamos para mantener el poder adquisitivo de las y los chaque\u00f1os\u201d, ratific\u00f3 el titular de la cartera econ\u00f3mica. Este viernes, el Refrigerio se pagar\u00e1 con un nuevo aumento, el segundo desde abril, que est\u00e1 estipulado en $4.000, pasando $24.500 a $28.500. Esto forma parte del aumento planificado en tres etapas para acompa\u00f1ar el proceso de recomposici\u00f3n salarial previsto para 2023, acordado con todos los sindicatos estatales. As\u00ed, en la primera etapa, la suba fue de $8.000, pasando de $16.5000 a $24.500. Este segundo tramo es de $4.000 subiendo de los $24.500 a $28.500. En la tercera etapa, habr\u00e1 otro aumento de $4.000, lo que significar\u00e1 pasar de $28.500 a $32.500, seg\u00fan los n\u00fameros dados a conocer por autoridades del gobierno provincial. Como es habitual, las y los trabajadores podr\u00e1n acceder a los beneficios del Refrigerio a trav\u00e9s de la tarjeta Tuya Recargable del Nuevo Banco del Chaco.<br \/>\n<<a href=\"http:\/\/www.avg.com\/email-signature?utm_medium=email&#038;utm_source=link&#038;utm_campaign=sig-email&#038;utm_content=webmail\">www.avg.com\/email-signature?utm_medium=email&amp;utm_source=link&amp;utm_campaign=sig-email&amp;utm_content=webmail<\/a>> Libre de virus.www.avg.com <<a href=\"http:\/\/www.avg.com\/email-signature?utm_medium=email&#038;utm_source=link&#038;utm_campaign=sig-email&#038;utm_content=webmail\">www.avg.com\/email-signature?utm_medium=email&amp;utm_source=link&amp;utm_campaign=sig-email&amp;utm_content=webmail<\/a>> <#DAB4FAD8-2DD7-40BB-A1B8-4E2AA1F9FDF2><\/p>\n","protected":false},"excerpt":{"rendered":"<p>Las y los trabajadores del Estado que cobrabran $24.500 ahora pasar\u00e1n a percibir $28.500 El ministro de Planificaci\u00f3n, Econom\u00eda e Infraestructura, Santiago Perez Pons, inform\u00f3 que este viernes se abonar\u00e1 el Refrigerio a las y los trabajadores activos de la administraci\u00f3n p\u00fablica provincial, con un nuevo aumento, el segundo de los tres estipulados. \u201cNuestro objetivo [&hellip;]<\/p>\n","protected":false},"author":1,"featured_media":23003,"comment_status":"closed","ping_status":"closed","sticky":false,"template":"","format":"standard","meta":{"footnotes":""},"categories":[6],"tags":[],"class_list":{"0":"post-23002","1":"post","2":"type-post","3":"status-publish","4":"format-standard","5":"has-post-thumbnail","7":"category-chaco"},"_links":{"self":[{"href":"https:\/\/chacosintesis.com.ar\/index.php\/wp-json\/wp\/v2\/posts\/23002","targetHints":{"allow":["GET"]}}],"collection":[{"href":"https:\/\/chacosintesis.com.ar\/index.php\/wp-json\/wp\/v2\/posts"}],"about":[{"href":"https:\/\/chacosintesis.com.ar\/index.php\/wp-json\/wp\/v2\/types\/post"}],"author":[{"embeddable":true,"href":"https:\/\/chacosintesis.com.ar\/index.php\/wp-json\/wp\/v2\/users\/1"}],"replies":[{"embeddable":true,"href":"https:\/\/chacosintesis.com.ar\/index.php\/wp-json\/wp\/v2\/comments?post=23002"}],"version-history":[{"count":0,"href":"https:\/\/chacosintesis.com.ar\/index.php\/wp-json\/wp\/v2\/posts\/23002\/revisions"}],"wp:featuredmedia":[{"embeddable":true,"href":"https:\/\/chacosintesis.com.ar\/index.php\/wp-json\/wp\/v2\/media\/23003"}],"wp:attachment":[{"href":"https:\/\/chacosintesis.com.ar\/index.php\/wp-json\/wp\/v2\/media?parent=23002"}],"wp:term":[{"taxonomy":"category","embeddable":true,"href":"https:\/\/chacosintesis.com.ar\/index.php\/wp-json\/wp\/v2\/categories?post=23002"},{"taxonomy":"post_tag","embeddable":true,"href":"https:\/\/chacosintesis.com.ar\/index.php\/wp-json\/wp\/v2\/tags?post=23002"}],"curies":[{"name":"wp","href":"https:\/\/api.w.org\/{rel}","templated":true}]}}