{"id":22992,"date":"2023-06-22T17:08:33","date_gmt":"2023-06-22T20:08:33","guid":{"rendered":"https:\/\/chacosintesis.com.ar\/?p=22992"},"modified":"2023-06-22T17:38:02","modified_gmt":"2023-06-22T20:38:02","slug":"donde-esta-cecilia-caceres-olivera-articularon-e-idearon-toda-esta-situacion-para-poder-darle-muerte-a-cecilia","status":"publish","type":"post","link":"https:\/\/chacosintesis.com.ar\/index.php\/donde-esta-cecilia-caceres-olivera-articularon-e-idearon-toda-esta-situacion-para-poder-darle-muerte-a-cecilia\/","title":{"rendered":"\u00bfD\u00f3nde est\u00e1 Cecilia? C\u00e1ceres Olivera: \u201cArticularon e idearon toda esta situaci\u00f3n para poder darle muerte a Cecilia\u201d"},"content":{"rendered":"<p>Adelant\u00f3 que el martes se dictar\u00e1 la prisi\u00f3n preventiva de las siete personas imputadas.<br \/>\nEn una conferencia de prensa llevada a cabo este jueves, el Procurador General, Jorge Canteros junto al equipo fiscal que investiga el femicidio de Cecilia Strzyzowski, integrado por Jorge C\u00e1ceres Olivera, Jorge G\u00f3mez y Nelia Vel\u00e1zquez, ampliaron la informaci\u00f3n relacionada al caso e indicaron que existen indicios suficientes para poder determinar c\u00f3mo ocurrieron los hechos.<br \/>\nEl Procurador General, Jorge Canteros, en primer lugar agradeci\u00f3 el trabajo de la prensa local y nacional por informar sobre los avances de la investigaci\u00f3n y manifest\u00f3 que este hecho \u201cva a marcar un antes y un despu\u00e9s en la provincia del Chaco\u201d. Dijo que \u201csin ustedes este caso no hubiera tenido la trascendencia que tuvo y que est\u00e1 teniendo, porque gracias al trabajo de la prensa, todos los ministerios p\u00fablicos del pa\u00eds y la propia Junta Federal de Cortes han ofrecido sus equipos t\u00e9cnicos para colaborar en el esclarecimiento de este terrible hecho\u201d.<br \/>\nEn relaci\u00f3n a las \u00faltimas declaraciones de las personas imputadas, el fiscal Jorge G\u00f3mez aclar\u00f3 nuevamente aclar\u00f3 que \u201ces un medio de defensa, no un medio de prueba\u201d, por lo tanto, la persona imputada se defiende y en este sentido puede expresar \u201clo que quiera, ya que es su derecho a defensa\u201d y en este \u201csagrado derecho a defensa se puede hasta mentir\u201d. De esta manera, sostuvo que esta declaraci\u00f3n \u201cva siempre aparejada de que sea corroborada con otros elementos de pruebas objetivos que se incorporen a la causa\u201d.<br \/>\n\u201cToda declaraci\u00f3n de imputado forma parte de la estrategia de una defensa y somos muy respetuosos de eso\u201d, manifest\u00f3.<br \/>\nPor otra parte, el fiscal Jorge C\u00e1ceres Olivera, inform\u00f3 que el Departamento de Cibercrimen est\u00e1 realizando \u201ctodas las diligencias y trabajando contrarreloj para presentar los informes\u201d.<br \/>\nAnte la pregunta del lugar de alojamiento de Marcela Acu\u00f1a, madre de C\u00e9sar Sena, C\u00e1ceres Olivera dijo que \u201ces necesario brindar y garantizar la integridad f\u00edsica de los mismos\u201d y por eso \u201cse ha dispuesto el alojamiento individual de cada uno\u201d.<br \/>\nAdelant\u00f3 que el martes se dictar\u00e1 la prisi\u00f3n preventiva de las siete personas imputadas y coment\u00f3 que si bien se est\u00e1 investigando sobre varias hip\u00f3tesis, \u201cestamos trabajando arduamente para determinar el modus operandi que utilizaron estas personas para darle muerte a Cecilia. No tenemos definido a ciencia cierta pero tenemos varios indicios para saber c\u00f3mo ocurrieron los hechos\u201d, expres\u00f3.<br \/>\nAdem\u00e1s dijo que \u201cdesde el Poder Judicial venimos dando todo lo que est\u00e1 a nuestro alcance para erradicar la violencia hacia la mujer, es un compromiso que nosotros hemos asumido y estamos en la l\u00ednea correcta para erradicar este flagelo\u201d.<br \/>\nEn cuanto a las \u00faltimas pruebas realizadas sobre restos \u00f3seos, la fiscala Nelia Vel\u00e1zquez indic\u00f3 que la pr\u00f3xima semana se conocer\u00e1n los resultados y aclar\u00f3 que \u201cello no va en contra de que haya una condena sin cuerpo\u201d. La funcionaria judicial record\u00f3 el caso de desaparici\u00f3n y femicidio de Maira Benitez, tambi\u00e9n ocurrido en Chaco.<br \/>\n<<a href=\"http:\/\/www.avg.com\/email-signature?utm_medium=email&#038;utm_source=link&#038;utm_campaign=sig-email&#038;utm_content=webmail\">www.avg.com\/email-signature?utm_medium=email&amp;utm_source=link&amp;utm_campaign=sig-email&amp;utm_content=webmail<\/a>> Libre de virus.www.avg.com <<a href=\"http:\/\/www.avg.com\/email-signature?utm_medium=email&#038;utm_source=link&#038;utm_campaign=sig-email&#038;utm_content=webmail\">www.avg.com\/email-signature?utm_medium=email&amp;utm_source=link&amp;utm_campaign=sig-email&amp;utm_content=webmail<\/a>> <#DAB4FAD8-2DD7-40BB-A1B8-4E2AA1F9FDF2><\/p>\n","protected":false},"excerpt":{"rendered":"<p>Adelant\u00f3 que el martes se dictar\u00e1 la prisi\u00f3n preventiva de las siete personas imputadas. En una conferencia de prensa llevada a cabo este jueves, el Procurador General, Jorge Canteros junto al equipo fiscal que investiga el femicidio de Cecilia Strzyzowski, integrado por Jorge C\u00e1ceres Olivera, Jorge G\u00f3mez y Nelia Vel\u00e1zquez, ampliaron la informaci\u00f3n relacionada al [&hellip;]<\/p>\n","protected":false},"author":1,"featured_media":22993,"comment_status":"closed","ping_status":"closed","sticky":false,"template":"","format":"standard","meta":{"footnotes":""},"categories":[6],"tags":[],"class_list":{"0":"post-22992","1":"post","2":"type-post","3":"status-publish","4":"format-standard","5":"has-post-thumbnail","7":"category-chaco"},"_links":{"self":[{"href":"https:\/\/chacosintesis.com.ar\/index.php\/wp-json\/wp\/v2\/posts\/22992","targetHints":{"allow":["GET"]}}],"collection":[{"href":"https:\/\/chacosintesis.com.ar\/index.php\/wp-json\/wp\/v2\/posts"}],"about":[{"href":"https:\/\/chacosintesis.com.ar\/index.php\/wp-json\/wp\/v2\/types\/post"}],"author":[{"embeddable":true,"href":"https:\/\/chacosintesis.com.ar\/index.php\/wp-json\/wp\/v2\/users\/1"}],"replies":[{"embeddable":true,"href":"https:\/\/chacosintesis.com.ar\/index.php\/wp-json\/wp\/v2\/comments?post=22992"}],"version-history":[{"count":0,"href":"https:\/\/chacosintesis.com.ar\/index.php\/wp-json\/wp\/v2\/posts\/22992\/revisions"}],"wp:featuredmedia":[{"embeddable":true,"href":"https:\/\/chacosintesis.com.ar\/index.php\/wp-json\/wp\/v2\/media\/22993"}],"wp:attachment":[{"href":"https:\/\/chacosintesis.com.ar\/index.php\/wp-json\/wp\/v2\/media?parent=22992"}],"wp:term":[{"taxonomy":"category","embeddable":true,"href":"https:\/\/chacosintesis.com.ar\/index.php\/wp-json\/wp\/v2\/categories?post=22992"},{"taxonomy":"post_tag","embeddable":true,"href":"https:\/\/chacosintesis.com.ar\/index.php\/wp-json\/wp\/v2\/tags?post=22992"}],"curies":[{"name":"wp","href":"https:\/\/api.w.org\/{rel}","templated":true}]}}