{"id":22988,"date":"2023-06-22T16:55:19","date_gmt":"2023-06-22T19:55:19","guid":{"rendered":"https:\/\/chacosintesis.com.ar\/?p=22988"},"modified":"2023-06-22T17:07:52","modified_gmt":"2023-06-22T20:07:52","slug":"se-realizo-en-quitilipi-el-decimo-remate-ganadero-del-ano","status":"publish","type":"post","link":"https:\/\/chacosintesis.com.ar\/index.php\/se-realizo-en-quitilipi-el-decimo-remate-ganadero-del-ano\/","title":{"rendered":"Se realiz\u00f3 en Quitilipi el d\u00e9cimo remate ganadero del a\u00f1o"},"content":{"rendered":"<p>Se comercializaron  1.259 animales con destino para abasto, conserva e invernada. El Ministerio de Producci\u00f3n, Industria y Empleo concret\u00f3 recientemente un nuevo remate ganadero para peque\u00f1os y medianos productores, una herramienta clave y con cada vez m\u00e1s arraigo en el sector. \u201cSeguimos sumando buenos resultados como en cada evento que realizamos lo que nos permite trazar objetivos importantes en cuanto a vigencia y crecimiento del programa\u201d, asegur\u00f3 este jueves el subsecretario de Ganader\u00eda, Sebasti\u00e1n Bravo. El \u00faltimo remate, el d\u00e9cimo en lo que va del a\u00f1o, tuvo lugar en Quitilipi y culmin\u00f3 con la salida a pista y total comercializaci\u00f3n de 1.259 animales con destino para abasto, conserva e invernada. \u201cEl haber vendido toda la hacienda y que tanto compradores como vendedores se hayan satisfechos con los precios obtenidos es una muy buena se\u00f1al\u201d, se\u00f1al\u00f3 Bravo. En el caso de Quitilipi, los lotes fueron aportados por 85 peque\u00f1os y medianos productores locales y de parajes de la zona. \u201cLa ventaja que tiene este programa que impulsamos desde el gobierno es el acceso a distintos beneficios y exenciones en lo que hace a fletes, derecho de pista y costos consignatarios\u201d, explic\u00f3 el funcionario. Por otra parte, Bravo mencion\u00f3 el trabajo desplegado por los equipos t\u00e9cnicos de la Subsecretar\u00eda de Ganader\u00eda y el Plan Ganadero Provincial en cuanto a la log\u00edstica y la organizaci\u00f3n del evento. \u201cOfrecemos a los productores la posibilidad de sumarse y acceder a un programa que le ayuda a mejorar el mecanismo de venta de sus animales y que tiene alcance en toda la geograf\u00eda provincial\u201d, dijo. El objetivo trazado para este a\u00f1o es superar la cantidad de remates realizados en 2022 (fueron quince en total), buscando de esta manera sumar nuevos municipios y m\u00e1s productores a la iniciativa. En lo que va del a\u00f1o se realizaron rondas en Margarita Bel\u00e9n (en dos ocasiones), Presidencia de la Plaza, General San Mart\u00edn, Pampa del Indio, Las Bre\u00f1as, Machagai, Villa Berthet y Santa Sylvina; en tanto que la pr\u00f3xima se realizar\u00e1 en Presidencia Roque S\u00e1enz Pe\u00f1a \u201cApuntamos a mejorar los ingresos del productor a trav\u00e9s de la venta de su hacienda a precios de mercado, permitiendo una mejora en  sus ingresos contribuyendo adem\u00e1s a su arraigo en el \u00e1mbito rural\u201d, precis\u00f3 Bravo. Quienes acceden a los remates obtienen exenciones del pago del flete, derecho de pista y comisi\u00f3n del consignatario, costos que corren por cuenta de la cartera productiva. En cuanto al trabajo de los equipos t\u00e9cnicos tambi\u00e9n se destaca que los coordinadores de la Subsecretar\u00eda visitan previamente al peque\u00f1o o mediano productor para realizar una revisi\u00f3n sanitaria de sus lotes a los cuales posteriormente dividen por categor\u00eda para, finalmente, diagramar el operativo de traslado de esa hacienda hasta la entidad ruralista en que se realizar\u00e1 el remate.<br \/>\n<<a href=\"http:\/\/www.avg.com\/email-signature?utm_medium=email&#038;utm_source=link&#038;utm_campaign=sig-email&#038;utm_content=webmail\">www.avg.com\/email-signature?utm_medium=email&amp;utm_source=link&amp;utm_campaign=sig-email&amp;utm_content=webmail<\/a>> Libre de virus.www.avg.com <<a href=\"http:\/\/www.avg.com\/email-signature?utm_medium=email&#038;utm_source=link&#038;utm_campaign=sig-email&#038;utm_content=webmail\">www.avg.com\/email-signature?utm_medium=email&amp;utm_source=link&amp;utm_campaign=sig-email&amp;utm_content=webmail<\/a>> <#DAB4FAD8-2DD7-40BB-A1B8-4E2AA1F9FDF2><\/p>\n","protected":false},"excerpt":{"rendered":"<p>Se comercializaron 1.259 animales con destino para abasto, conserva e invernada. El Ministerio de Producci\u00f3n, Industria y Empleo concret\u00f3 recientemente un nuevo remate ganadero para peque\u00f1os y medianos productores, una herramienta clave y con cada vez m\u00e1s arraigo en el sector. \u201cSeguimos sumando buenos resultados como en cada evento que realizamos lo que nos permite [&hellip;]<\/p>\n","protected":false},"author":1,"featured_media":22989,"comment_status":"closed","ping_status":"closed","sticky":false,"template":"","format":"standard","meta":{"footnotes":""},"categories":[6],"tags":[],"class_list":{"0":"post-22988","1":"post","2":"type-post","3":"status-publish","4":"format-standard","5":"has-post-thumbnail","7":"category-chaco"},"_links":{"self":[{"href":"https:\/\/chacosintesis.com.ar\/index.php\/wp-json\/wp\/v2\/posts\/22988","targetHints":{"allow":["GET"]}}],"collection":[{"href":"https:\/\/chacosintesis.com.ar\/index.php\/wp-json\/wp\/v2\/posts"}],"about":[{"href":"https:\/\/chacosintesis.com.ar\/index.php\/wp-json\/wp\/v2\/types\/post"}],"author":[{"embeddable":true,"href":"https:\/\/chacosintesis.com.ar\/index.php\/wp-json\/wp\/v2\/users\/1"}],"replies":[{"embeddable":true,"href":"https:\/\/chacosintesis.com.ar\/index.php\/wp-json\/wp\/v2\/comments?post=22988"}],"version-history":[{"count":0,"href":"https:\/\/chacosintesis.com.ar\/index.php\/wp-json\/wp\/v2\/posts\/22988\/revisions"}],"wp:featuredmedia":[{"embeddable":true,"href":"https:\/\/chacosintesis.com.ar\/index.php\/wp-json\/wp\/v2\/media\/22989"}],"wp:attachment":[{"href":"https:\/\/chacosintesis.com.ar\/index.php\/wp-json\/wp\/v2\/media?parent=22988"}],"wp:term":[{"taxonomy":"category","embeddable":true,"href":"https:\/\/chacosintesis.com.ar\/index.php\/wp-json\/wp\/v2\/categories?post=22988"},{"taxonomy":"post_tag","embeddable":true,"href":"https:\/\/chacosintesis.com.ar\/index.php\/wp-json\/wp\/v2\/tags?post=22988"}],"curies":[{"name":"wp","href":"https:\/\/api.w.org\/{rel}","templated":true}]}}