{"id":22986,"date":"2023-06-22T16:51:46","date_gmt":"2023-06-22T19:51:46","guid":{"rendered":"https:\/\/chacosintesis.com.ar\/?p=22986"},"modified":"2023-06-22T17:07:51","modified_gmt":"2023-06-22T20:07:51","slug":"la-mama-de-cecilia-dijo-que-con-lo-que-vio-practicamente-ya-identifico-los-objetos-hallados-quemados","status":"publish","type":"post","link":"https:\/\/chacosintesis.com.ar\/index.php\/la-mama-de-cecilia-dijo-que-con-lo-que-vio-practicamente-ya-identifico-los-objetos-hallados-quemados\/","title":{"rendered":"La mam\u00e1 de Cecilia dijo que con lo que vio pr\u00e1cticamente ya identific\u00f3 los objetos hallados quemados"},"content":{"rendered":"<p>Gloria Romero, la madre de Cecilia Strzyzowski, la joven desaparecida en Chaco desde el 2 de junio y que se cree fue asesinada en un femicidio, asegur\u00f3 hoy que con las im\u00e1genes que ya vio circulando por internet est\u00e1 pr\u00e1cticamente segura de haber identificado como pertenecientes a su hija algunos objetos que aparecieron quemados y que ma\u00f1ana le ser\u00e1n exhibidos formalmente, mientras que uno de sus abogados inform\u00f3 que pidieron &#8220;m\u00e1s detenciones&#8221;.<br \/>\nLa mam\u00e1 de la mujer desaparecida formul\u00f3 declaraciones a la prensa este mediod\u00eda a la salida de la fiscal\u00eda de Resistencia, donde se reuni\u00f3 con el Equipo Fiscal Especial, junto a dos de sus abogados, Gustavo Briend y Fernando Burlando.<br \/>\n&#8220;Con las fotos que est\u00e1n en internet, ya pr\u00e1cticamente identifiqu\u00e9. Ya estoy preparada. Ya me golpe\u00f3 bastante el tema de la exposici\u00f3n de los objetos, enterarme as\u00ed por la tele&#8221;, dijo Gloria en referencia a las im\u00e1genes que circularon en internet y en los medios de los restos incendiados de una valija, un aparente bolso y otros objetos como anillos, aros, una llave y un dije en forma de cruz que fueron hallados y secuestrados en el marco de la causa.<br \/>\nAl respeto, el abogado Briend confirm\u00f3 que &#8220;ma\u00f1ana se har\u00e1 el acto formal de la exhibici\u00f3n de los objetos encontrados&#8221;.<br \/>\nLa presunci\u00f3n de los investigadores es que la valija quemada hallada en el barrio Emerenciano Sena sea parte del equipaje que Cecilia hab\u00eda preparado para el viaje que supuestamente iba a hacer a Ushuaia con su pareja C\u00e9sar Sena, y que el dije en forma de cruz encontrado el martes en un rastrillaje al r\u00edo Tragadero, en un sector del campo de la chancher\u00eda de la familia imputada, sea el que usaba como colgante la v\u00edctima.<br \/>\n&#8220;As\u00ed que, como dijo Gloria, entendemos que podr\u00edan ser y son similares, as\u00ed que estamos esperando ansiosos el acto de ma\u00f1ana. Est\u00e1n todos notificados&#8221;, agreg\u00f3.<br \/>\nConsultado ante la posibilidad de que en la causa haya m\u00e1s detenidos, Briend respondi\u00f3: &#8220;Estamos pidiendo la citaci\u00f3n a nuevas personas, as\u00ed que, en ese sentido, estamos pidiendo m\u00e1s detenciones&#8221;.<br \/>\nPor su parte, Burlando cont\u00f3 que se conversaron con los fiscales &#8220;inquietudes que tiene Gloria desde el inicio de la investigaci\u00f3n&#8221; y sobre una serie de medidas de prueba que ellos sugirieron como querellantes y a las que los representantes del Ministerio P\u00fablico accedieron.<br \/>\nEntre ellas, Burlando coment\u00f3 que se contactaron &#8220;con la gente de Arsat y del Conicet para pedir fotograf\u00edas satelitales para ver los distintos lugares donde pudo haber sido desmaterializada Cecilia&#8221;.<br \/>\nFuente: T\u00e9lam<br \/>\n<<a href=\"http:\/\/www.avg.com\/email-signature?utm_medium=email&#038;utm_source=link&#038;utm_campaign=sig-email&#038;utm_content=webmail\">www.avg.com\/email-signature?utm_medium=email&amp;utm_source=link&amp;utm_campaign=sig-email&amp;utm_content=webmail<\/a>> Libre de virus.www.avg.com <<a href=\"http:\/\/www.avg.com\/email-signature?utm_medium=email&#038;utm_source=link&#038;utm_campaign=sig-email&#038;utm_content=webmail\">www.avg.com\/email-signature?utm_medium=email&amp;utm_source=link&amp;utm_campaign=sig-email&amp;utm_content=webmail<\/a>> <#DAB4FAD8-2DD7-40BB-A1B8-4E2AA1F9FDF2><\/p>\n","protected":false},"excerpt":{"rendered":"<p>Gloria Romero, la madre de Cecilia Strzyzowski, la joven desaparecida en Chaco desde el 2 de junio y que se cree fue asesinada en un femicidio, asegur\u00f3 hoy que con las im\u00e1genes que ya vio circulando por internet est\u00e1 pr\u00e1cticamente segura de haber identificado como pertenecientes a su hija algunos objetos que aparecieron quemados y [&hellip;]<\/p>\n","protected":false},"author":1,"featured_media":22987,"comment_status":"closed","ping_status":"closed","sticky":false,"template":"","format":"standard","meta":{"footnotes":""},"categories":[6],"tags":[],"class_list":{"0":"post-22986","1":"post","2":"type-post","3":"status-publish","4":"format-standard","5":"has-post-thumbnail","7":"category-chaco"},"_links":{"self":[{"href":"https:\/\/chacosintesis.com.ar\/index.php\/wp-json\/wp\/v2\/posts\/22986","targetHints":{"allow":["GET"]}}],"collection":[{"href":"https:\/\/chacosintesis.com.ar\/index.php\/wp-json\/wp\/v2\/posts"}],"about":[{"href":"https:\/\/chacosintesis.com.ar\/index.php\/wp-json\/wp\/v2\/types\/post"}],"author":[{"embeddable":true,"href":"https:\/\/chacosintesis.com.ar\/index.php\/wp-json\/wp\/v2\/users\/1"}],"replies":[{"embeddable":true,"href":"https:\/\/chacosintesis.com.ar\/index.php\/wp-json\/wp\/v2\/comments?post=22986"}],"version-history":[{"count":0,"href":"https:\/\/chacosintesis.com.ar\/index.php\/wp-json\/wp\/v2\/posts\/22986\/revisions"}],"wp:featuredmedia":[{"embeddable":true,"href":"https:\/\/chacosintesis.com.ar\/index.php\/wp-json\/wp\/v2\/media\/22987"}],"wp:attachment":[{"href":"https:\/\/chacosintesis.com.ar\/index.php\/wp-json\/wp\/v2\/media?parent=22986"}],"wp:term":[{"taxonomy":"category","embeddable":true,"href":"https:\/\/chacosintesis.com.ar\/index.php\/wp-json\/wp\/v2\/categories?post=22986"},{"taxonomy":"post_tag","embeddable":true,"href":"https:\/\/chacosintesis.com.ar\/index.php\/wp-json\/wp\/v2\/tags?post=22986"}],"curies":[{"name":"wp","href":"https:\/\/api.w.org\/{rel}","templated":true}]}}