{"id":22984,"date":"2023-06-22T16:50:05","date_gmt":"2023-06-22T19:50:05","guid":{"rendered":"https:\/\/chacosintesis.com.ar\/?p=22984"},"modified":"2023-06-22T17:07:51","modified_gmt":"2023-06-22T20:07:51","slug":"salud-meningitis-bacteriana-cuales-son-los-sintomas-y-que-precauciones-debemos-tener","status":"publish","type":"post","link":"https:\/\/chacosintesis.com.ar\/index.php\/salud-meningitis-bacteriana-cuales-son-los-sintomas-y-que-precauciones-debemos-tener\/","title":{"rendered":"Salud: Meningitis bacteriana: \u00bfCu\u00e1les son los s\u00edntomas y qu\u00e9 precauciones debemos tener?"},"content":{"rendered":"<p>La epidemi\u00f3loga Antonieta Cayr\u00e9 record\u00f3 la importancia de seguir el calendario de vacunaci\u00f3n, adem\u00e1s de recordar las pautas generales para evitar contraer la enfermedad.<br \/>\nLa epidemi\u00f3loga Antonieta Cayr\u00e9 dialog\u00f3 con Chaco TV sobre la meningitis bacteriana y se refiri\u00f3 a los s\u00edntomas y las precauciones que se deben tener en cuenta. \u201cHubo un bolet\u00edn epidemiol\u00f3gico nacional del Ministerio de Salud de la Naci\u00f3n donde informa que hubo un aumento en los \u00faltimos 10 a\u00f1os de las meningitis bacterianas\u201d, expres\u00f3.<br \/>\nEn ese sentido, Cayr\u00e9 explic\u00f3 que ese aumento se debe a un mayor control de los casos. \u201cA medida que uno aumenta la vigilancia va a tener m\u00e1s casos porque los profesionales de la salud est\u00e1n pendientes y notificando cada caso\u201d, detall\u00f3. Asimismo, agreg\u00f3: \u201cSi bien hubo un aumento de casos ya sea por neumococo, haemophilus influenzae o meningococo que son tres bacterias que est\u00e1n incluidas en las vacunas de calendario, hay que aclarar que hubo un descenso en los casos de meningitis desde el a\u00f1o 2012 cuando es que se incorpora la vacuna contra el neumococo\u201d. Adem\u00e1s, agreg\u00f3 que los casos que hubo no eran por serotipos incluidos en la vacuna.<br \/>\n\u201cA partir del 2019 comenz\u00f3 una disminuci\u00f3n lenta de las coberturas que nos preocupa porque son los ni\u00f1os los principales comprometidos con estas enfermedades\u201d, manifest\u00f3. En ese sentido, la epidemi\u00f3loga advirti\u00f3 que el a\u00f1o pasado aproximadamente \u201cun 20% de los ni\u00f1os no recibieron los refuerzos de las vacunas qu\u00edntuple, la vacuna contra el neumococo y el meningococo\u201d. \u201cEstas tres vacunas, para generar una buena respuesta, necesitan un refuerzo despu\u00e9s de los 12 meses\u201d, explic\u00f3. Adem\u00e1s, destac\u00f3 la importancia de la \u00fanica dosis que se recibe a los 11 a\u00f1os dado que \u201clo que hace es cortar la portaci\u00f3n de los adultos y adolescentes\u201d.<br \/>\nLos s\u00edntomas de la meningitis en los ni\u00f1os peque\u00f1os o lactantes, menores de un a\u00f1o, son \u201cel llanto que no cede, adem\u00e1s de fiebre, irritabilidad y v\u00f3mitos\u201d. \u201cYa en los ni\u00f1os m\u00e1s grandes refieren dolor de cabeza, les molesta la luz, tienen fiebre y v\u00f3mitos\u201d, explic\u00f3 la epidemi\u00f3loga. Asimismo, en estos casos recomend\u00f3 llevarlos al m\u00e9dico para que tengan un control. Por otra parte, evidenci\u00f3 la diferencia con las meningitis virales, que presentan los mismos s\u00edntomas, pero que tienen una evoluci\u00f3n y un tiempo de enfermedad \u201cmucho m\u00e1s corto y leve\u201d. \u201cEn las meningitis bacterianas es necesario la internaci\u00f3n y el tratamiento con antibi\u00f3ticos\u201d, explic\u00f3.<br \/>\nEn cuanto a las precauciones, Cayr\u00e9 record\u00f3 las pautas comunes a tener en cuenta que son: tener las vacunas completas, evitar que el ni\u00f1o vaya al colegio si est\u00e1 enfermo, hacer un control si est\u00e1 tosiendo desde hace varios d\u00edas, evitar los lugares muy cerrados, evitar la exposici\u00f3n al humo del tabaco, ventilar los ambientes, lavarse las manos, usar alcohol en gel, estornudar en el pliegue del codo y usar pa\u00f1uelos descartables. \u201cSon pautas que en teor\u00edas las tenemos muy afianzadas, pero que hay que recordar\u201d, dijo.<br \/>\n<<a href=\"http:\/\/www.avg.com\/email-signature?utm_medium=email&#038;utm_source=link&#038;utm_campaign=sig-email&#038;utm_content=webmail\">www.avg.com\/email-signature?utm_medium=email&amp;utm_source=link&amp;utm_campaign=sig-email&amp;utm_content=webmail<\/a>> Libre de virus.www.avg.com <<a href=\"http:\/\/www.avg.com\/email-signature?utm_medium=email&#038;utm_source=link&#038;utm_campaign=sig-email&#038;utm_content=webmail\">www.avg.com\/email-signature?utm_medium=email&amp;utm_source=link&amp;utm_campaign=sig-email&amp;utm_content=webmail<\/a>> <#DAB4FAD8-2DD7-40BB-A1B8-4E2AA1F9FDF2><\/p>\n","protected":false},"excerpt":{"rendered":"<p>La epidemi\u00f3loga Antonieta Cayr\u00e9 record\u00f3 la importancia de seguir el calendario de vacunaci\u00f3n, adem\u00e1s de recordar las pautas generales para evitar contraer la enfermedad. La epidemi\u00f3loga Antonieta Cayr\u00e9 dialog\u00f3 con Chaco TV sobre la meningitis bacteriana y se refiri\u00f3 a los s\u00edntomas y las precauciones que se deben tener en cuenta. \u201cHubo un bolet\u00edn epidemiol\u00f3gico [&hellip;]<\/p>\n","protected":false},"author":1,"featured_media":22985,"comment_status":"closed","ping_status":"closed","sticky":false,"template":"","format":"standard","meta":{"footnotes":""},"categories":[6],"tags":[],"class_list":{"0":"post-22984","1":"post","2":"type-post","3":"status-publish","4":"format-standard","5":"has-post-thumbnail","7":"category-chaco"},"_links":{"self":[{"href":"https:\/\/chacosintesis.com.ar\/index.php\/wp-json\/wp\/v2\/posts\/22984","targetHints":{"allow":["GET"]}}],"collection":[{"href":"https:\/\/chacosintesis.com.ar\/index.php\/wp-json\/wp\/v2\/posts"}],"about":[{"href":"https:\/\/chacosintesis.com.ar\/index.php\/wp-json\/wp\/v2\/types\/post"}],"author":[{"embeddable":true,"href":"https:\/\/chacosintesis.com.ar\/index.php\/wp-json\/wp\/v2\/users\/1"}],"replies":[{"embeddable":true,"href":"https:\/\/chacosintesis.com.ar\/index.php\/wp-json\/wp\/v2\/comments?post=22984"}],"version-history":[{"count":0,"href":"https:\/\/chacosintesis.com.ar\/index.php\/wp-json\/wp\/v2\/posts\/22984\/revisions"}],"wp:featuredmedia":[{"embeddable":true,"href":"https:\/\/chacosintesis.com.ar\/index.php\/wp-json\/wp\/v2\/media\/22985"}],"wp:attachment":[{"href":"https:\/\/chacosintesis.com.ar\/index.php\/wp-json\/wp\/v2\/media?parent=22984"}],"wp:term":[{"taxonomy":"category","embeddable":true,"href":"https:\/\/chacosintesis.com.ar\/index.php\/wp-json\/wp\/v2\/categories?post=22984"},{"taxonomy":"post_tag","embeddable":true,"href":"https:\/\/chacosintesis.com.ar\/index.php\/wp-json\/wp\/v2\/tags?post=22984"}],"curies":[{"name":"wp","href":"https:\/\/api.w.org\/{rel}","templated":true}]}}