{"id":22980,"date":"2023-06-22T16:38:27","date_gmt":"2023-06-22T19:38:27","guid":{"rendered":"https:\/\/chacosintesis.com.ar\/?p=22980"},"modified":"2023-06-22T17:07:50","modified_gmt":"2023-06-22T20:07:50","slug":"desde-las-18-hs-se-realizara-una-charla-sobre-la-mirada-de-las-victimas-de-delitos","status":"publish","type":"post","link":"https:\/\/chacosintesis.com.ar\/index.php\/desde-las-18-hs-se-realizara-una-charla-sobre-la-mirada-de-las-victimas-de-delitos\/","title":{"rendered":"Desde las 18 hs: Se realizar\u00e1 una charla sobre \u201cLa Mirada de las V\u00edctimas de Delitos\u201d"},"content":{"rendered":"<p>Ser\u00e1 bajo la premisa \u201cTodos por Cecilia\u201d y el objetivo es \u201cpoder conversar con otras v\u00edctimas de delitos para asesorarlas y acompa\u00f1arlas en este doloroso proceso\u201d. En la charla estar\u00e1 Gloria Romero, mam\u00e1 de Cecilia Strzyzowski.<br \/>\nEste viernes desde las 18 en el Centro Cultural Nordeste de Resistencia se realizar\u00e1 una charla titulada \u201cLa Mirada de las V\u00edctimas de Delitos\u201d. La invitaci\u00f3n expresa que el objetivo ser\u00e1 \u201cpoder conversar con otras v\u00edctimas de delitos para asesorarlas y acompa\u00f1arlas en este doloroso proceso\u201d. En la conferencia de prensa estar\u00e1 Gloria Romero, la mam\u00e1 de Cecilia Strzyzowski.<br \/>\nAdem\u00e1s, tambi\u00e9n participar\u00e1 Viviam Perrone, madre de Kevin Sedano, v\u00edctima de un accidente de tr\u00e1nsito fatal; Jimena Aduriz, mam\u00e1 de \u00c1ngeles Rawson; y el padre de Soledad, asesinada en un intento de violaci\u00f3n en Caballito hace m\u00e1s de 15 a\u00f1os. Mat\u00edas Bagnato, sobreviviente de la masacre de Flores, tambi\u00e9n formar\u00e1 parte de la charla junto con Abogados en Acci\u00f3n representados por Mar\u00eda Carrasco, asesora en seguridad de Vicente L\u00f3pez.<br \/>\n<<a href=\"http:\/\/www.avg.com\/email-signature?utm_medium=email&#038;utm_source=link&#038;utm_campaign=sig-email&#038;utm_content=webmail\">www.avg.com\/email-signature?utm_medium=email&amp;utm_source=link&amp;utm_campaign=sig-email&amp;utm_content=webmail<\/a>> Libre de virus.www.avg.com <<a href=\"http:\/\/www.avg.com\/email-signature?utm_medium=email&#038;utm_source=link&#038;utm_campaign=sig-email&#038;utm_content=webmail\">www.avg.com\/email-signature?utm_medium=email&amp;utm_source=link&amp;utm_campaign=sig-email&amp;utm_content=webmail<\/a>> <#DAB4FAD8-2DD7-40BB-A1B8-4E2AA1F9FDF2><\/p>\n","protected":false},"excerpt":{"rendered":"<p>Ser\u00e1 bajo la premisa \u201cTodos por Cecilia\u201d y el objetivo es \u201cpoder conversar con otras v\u00edctimas de delitos para asesorarlas y acompa\u00f1arlas en este doloroso proceso\u201d. En la charla estar\u00e1 Gloria Romero, mam\u00e1 de Cecilia Strzyzowski. Este viernes desde las 18 en el Centro Cultural Nordeste de Resistencia se realizar\u00e1 una charla titulada \u201cLa Mirada [&hellip;]<\/p>\n","protected":false},"author":1,"featured_media":22981,"comment_status":"closed","ping_status":"closed","sticky":false,"template":"","format":"standard","meta":{"footnotes":""},"categories":[6],"tags":[],"class_list":{"0":"post-22980","1":"post","2":"type-post","3":"status-publish","4":"format-standard","5":"has-post-thumbnail","7":"category-chaco"},"_links":{"self":[{"href":"https:\/\/chacosintesis.com.ar\/index.php\/wp-json\/wp\/v2\/posts\/22980","targetHints":{"allow":["GET"]}}],"collection":[{"href":"https:\/\/chacosintesis.com.ar\/index.php\/wp-json\/wp\/v2\/posts"}],"about":[{"href":"https:\/\/chacosintesis.com.ar\/index.php\/wp-json\/wp\/v2\/types\/post"}],"author":[{"embeddable":true,"href":"https:\/\/chacosintesis.com.ar\/index.php\/wp-json\/wp\/v2\/users\/1"}],"replies":[{"embeddable":true,"href":"https:\/\/chacosintesis.com.ar\/index.php\/wp-json\/wp\/v2\/comments?post=22980"}],"version-history":[{"count":0,"href":"https:\/\/chacosintesis.com.ar\/index.php\/wp-json\/wp\/v2\/posts\/22980\/revisions"}],"wp:featuredmedia":[{"embeddable":true,"href":"https:\/\/chacosintesis.com.ar\/index.php\/wp-json\/wp\/v2\/media\/22981"}],"wp:attachment":[{"href":"https:\/\/chacosintesis.com.ar\/index.php\/wp-json\/wp\/v2\/media?parent=22980"}],"wp:term":[{"taxonomy":"category","embeddable":true,"href":"https:\/\/chacosintesis.com.ar\/index.php\/wp-json\/wp\/v2\/categories?post=22980"},{"taxonomy":"post_tag","embeddable":true,"href":"https:\/\/chacosintesis.com.ar\/index.php\/wp-json\/wp\/v2\/tags?post=22980"}],"curies":[{"name":"wp","href":"https:\/\/api.w.org\/{rel}","templated":true}]}}