{"id":22976,"date":"2023-06-22T16:33:02","date_gmt":"2023-06-22T19:33:02","guid":{"rendered":"https:\/\/chacosintesis.com.ar\/?p=22976"},"modified":"2023-06-22T16:36:56","modified_gmt":"2023-06-22T19:36:56","slug":"caso-cecilia-strzyzowski-la-macabra-hipotesis-que-crece-sobre-el-destino-del-cuerpo","status":"publish","type":"post","link":"https:\/\/chacosintesis.com.ar\/index.php\/caso-cecilia-strzyzowski-la-macabra-hipotesis-que-crece-sobre-el-destino-del-cuerpo\/","title":{"rendered":"Caso Cecilia Strzyzowski: la macabra hip\u00f3tesis que crece sobre el destino del cuerpo"},"content":{"rendered":"<p>La \u00faltima vez que se vio a la joven de 28 a\u00f1os fue cuando ingres\u00f3 a la casa de Emerenciano Sena y Marcela Acu\u00f1a junto a su pareja, C\u00e9sar. No hay im\u00e1genes de que haya salido de all\u00ed<br \/>\n A Cecilia Strzyzowski se la busca desde el pasado 6 de junio, luego de que su madre radic\u00f3 una denuncia por su desaparici\u00f3n. La \u00faltima imagen de la mujer con vida data del 2 de junio a las 9.15, cuando una c\u00e1mara de seguridad registr\u00f3 su ingreso a la casa de sus suegros, Emerenciano Sena y Marcela Acu\u00f1a, junto a su pareja C\u00e9sar Sena. No hay registro f\u00edlmico de su salida.<br \/>\nEl caso, que originalmente se investigaba como \u201cdesaparici\u00f3n de persona\u201d, d\u00edas m\u00e1s tarde cambi\u00f3 la car\u00e1tula a \u201cFemicidio\u201d. A Cecilia la buscan sin vida. Hasta ahora, el misterio m\u00e1s grande es qu\u00e9 pas\u00f3 con el cuerpo de la joven, d\u00f3nde est\u00e1. Durante los \u00faltimos d\u00edas, uno de los siete imputados, Gustavo Obreg\u00f3n, mano derecha de los Sena, pidi\u00f3 ampliar su declaraci\u00f3n indagatoria y dio algunas pistas sobre d\u00f3nde pod\u00edan estar los restos de la v\u00edctima.<br \/>\nFrente a los fiscales Jorge C\u00e1ceres Olivera, Jorge Fernando G\u00f3mez y Nelia Vel\u00e1zquez, Obreg\u00f3n habl\u00f3 de \u201clas partes\u201d del cuerpo y describi\u00f3 la forma en que podr\u00edan encontrarlas, al relatar c\u00f3mo estaban dispuestas. \u201cEs el que m\u00e1s colabor\u00f3 hasta el momento. Lo que aport\u00f3 coincide con lo que tenemos\u201d, dijo a Infobae una fuente con acceso al expediente. El testimonio del detenido desemboc\u00f3 este martes en el hallazgo de una bolsa con restos de huesos triturados y un dije con forma de cruz en el R\u00edo Tragadero, en Campo Rossi.<\/p>\n<p>Todav\u00eda se desconoce si estos restos son humanos o si pertenecen a alg\u00fan animal, algo que deber\u00e1 esclarecer el Equipo de Antropolog\u00eda Forense del Poder Judicial Cordob\u00e9s, que fue convocado por el Equipo Fiscal Especial que investiga el expediente. A pesar de ello, el hecho de que hayan aparecido junto al dije, que podr\u00eda ser de Cecilia, m\u00e1s otras evidencias, hace presumir a los investigadores que el cuerpo de la joven habr\u00eda sido quemado, triturado y luego descartado.<br \/>\n\u201cEstipulamos que para ello se utiliz\u00f3 alg\u00fan elemento contundente: puede haber sido la pala o un ladrillo y, con eso, redujeron lo calcinado\u201d, dijo a este medio una fuente clave del expediente.<br \/>\n Para suponer esto \u00faltimo, los investigadores se apoyan en declaraci\u00f3n testimonial que Gustavo Melgarejo, casero de los Sena, hizo el pasado 5 de junio (tres d\u00edas despu\u00e9s de que se vio por \u00faltima vez a Cecilia): manifest\u00f3 que \u00e9l y su mujer, Griselda Reinoso, estaban preparando comida para los chanchos cuando Gustavo Obreg\u00f3n y C\u00e9sar Sena le pidieron una pala ancha.<br \/>\n\u201cEllos llegaron en el veh\u00edculo de Obreg\u00f3n y me pidieron una pala ancha, dici\u00e9ndome que iban a juntar tierra para abono. Yo les di la pala, la agarraron, subieron al auto e ingresaron al campo dirigi\u00e9ndose hacia el fondo\u201d, declar\u00f3 Melgarejo, en base a la informaci\u00f3n a la que accedi\u00f3 Infobae.<br \/>\nEn su declaraci\u00f3n indagatoria, Reinoso sostuvo algo similar aunque con ciertas diferencias. Dijo que el viernes 2 (no el lunes 5, como afirm\u00f3 su pareja) vio un auto en el que se trasladaban Gustavo Obreg\u00f3n y C\u00e9sar Sena. \u201cSe fueron al fondo del campo a buscar tierra. Eso le dijeron a mi esposo. No recuerdo la hora, era de d\u00eda pero el horario no s\u00e9&#8230; era antes de comer\u201d, dijo.<br \/>\n Tambi\u00e9n agreg\u00f3 que ella permaneci\u00f3 en el campo hasta el mi\u00e9rcoles 7. Para los investigadores, este \u00faltimo dato, es clave. En la reconstrucci\u00f3n que hicieron, \u201cla sospecha es que a Cecilia la mataron entre las 10 y las 14 horas de ese 2 de junio en la vivienda de la calle Santa Mar\u00eda de Oro. Luego de darle muerte a la joven, habr\u00edan quemado el cuerpo\u201c, remarc\u00f3 una fuente con acceso al expediente. Y agreg\u00f3: \u201cEse fuego lo habr\u00edan alimentado durante cuatro d\u00edas (viernes, s\u00e1bado, domingo y lunes), Melgarejo y Reinoso\u201d.<br \/>\n Los investigadores le adjudican la \u201cautor\u00eda intelectual\u201d del plan a Marcela Acu\u00f1a: \u201cLa quer\u00edan sacar del medio los Sena. Ya sea apret\u00e1ndola para que bajara un cambio o mat\u00e1ndola\u201d, dijeron fuentes del caso a Infobae. Aunque se habl\u00f3 de una presunta pelea por dinero, los motivos del crimen todav\u00eda no est\u00e1n claros. Seg\u00fan supo este medio, esperan sacar esa informaci\u00f3n de los siete celulares secuestrados, que peritos inform\u00e1ticos todav\u00eda analizan.<br \/>\nNo ser\u00eda la primera vez que la mujer idea algo con detenimiento. As\u00ed lo hizo con el divorcio de su hijo, luego de que se enter\u00f3 de que se hab\u00eda casado en secreto con Cecilia el 16 de septiembre de 2022. Ocho d\u00edas despu\u00e9s, el 20 de ese mismo mes, la pareja hizo la presentaci\u00f3n conjunta de la demanda: 96 d\u00edas m\u00e1s tarde firmaron el divorcio.<br \/>\nSeg\u00fan Juan D\u00edaz, ex abogado de C\u00e9sar Sena, Acu\u00f1a le ofreci\u00f3 a Cecilia una compensaci\u00f3n econ\u00f3mica de 400 mil pesos. De esto tambi\u00e9n dio testimonio el propio C\u00e9sar.<br \/>\nEn su declaraci\u00f3n, a la que tambi\u00e9n accedi\u00f3 este medio, el hijo de Emerenciano detall\u00f3 el acuerdo que firm\u00f3 con Cecilia: \u201cConsist\u00eda en una suma econ\u00f3mica, un inmueble en el Barrio Emerenciano y una suma de dinero para concretar un comercio entre Cecilia y yo, siendo ella la encargada\u201d.<br \/>\n INFOBAE.-<\/p>\n","protected":false},"excerpt":{"rendered":"<p>La \u00faltima vez que se vio a la joven de 28 a\u00f1os fue cuando ingres\u00f3 a la casa de Emerenciano Sena y Marcela Acu\u00f1a junto a su pareja, C\u00e9sar. No hay im\u00e1genes de que haya salido de all\u00ed A Cecilia Strzyzowski se la busca desde el pasado 6 de junio, luego de que su madre [&hellip;]<\/p>\n","protected":false},"author":1,"featured_media":22977,"comment_status":"closed","ping_status":"closed","sticky":false,"template":"","format":"standard","meta":{"footnotes":""},"categories":[6],"tags":[197],"class_list":{"0":"post-22976","1":"post","2":"type-post","3":"status-publish","4":"format-standard","5":"has-post-thumbnail","7":"category-chaco","8":"tag-destacada"},"_links":{"self":[{"href":"https:\/\/chacosintesis.com.ar\/index.php\/wp-json\/wp\/v2\/posts\/22976","targetHints":{"allow":["GET"]}}],"collection":[{"href":"https:\/\/chacosintesis.com.ar\/index.php\/wp-json\/wp\/v2\/posts"}],"about":[{"href":"https:\/\/chacosintesis.com.ar\/index.php\/wp-json\/wp\/v2\/types\/post"}],"author":[{"embeddable":true,"href":"https:\/\/chacosintesis.com.ar\/index.php\/wp-json\/wp\/v2\/users\/1"}],"replies":[{"embeddable":true,"href":"https:\/\/chacosintesis.com.ar\/index.php\/wp-json\/wp\/v2\/comments?post=22976"}],"version-history":[{"count":0,"href":"https:\/\/chacosintesis.com.ar\/index.php\/wp-json\/wp\/v2\/posts\/22976\/revisions"}],"wp:featuredmedia":[{"embeddable":true,"href":"https:\/\/chacosintesis.com.ar\/index.php\/wp-json\/wp\/v2\/media\/22977"}],"wp:attachment":[{"href":"https:\/\/chacosintesis.com.ar\/index.php\/wp-json\/wp\/v2\/media?parent=22976"}],"wp:term":[{"taxonomy":"category","embeddable":true,"href":"https:\/\/chacosintesis.com.ar\/index.php\/wp-json\/wp\/v2\/categories?post=22976"},{"taxonomy":"post_tag","embeddable":true,"href":"https:\/\/chacosintesis.com.ar\/index.php\/wp-json\/wp\/v2\/tags?post=22976"}],"curies":[{"name":"wp","href":"https:\/\/api.w.org\/{rel}","templated":true}]}}