{"id":22968,"date":"2023-06-21T21:27:38","date_gmt":"2023-06-22T00:27:38","guid":{"rendered":"https:\/\/chacosintesis.com.ar\/?p=22968"},"modified":"2023-06-21T21:36:38","modified_gmt":"2023-06-22T00:36:38","slug":"jueves-sin-clases-en-las-escuelas-del-chaco-por-el-paro-nacional","status":"publish","type":"post","link":"https:\/\/chacosintesis.com.ar\/index.php\/jueves-sin-clases-en-las-escuelas-del-chaco-por-el-paro-nacional\/","title":{"rendered":"Jueves sin clases en las escuelas del Chaco por el paro nacional"},"content":{"rendered":"<p>El Frente Gremial Docente viaja a San Salvador para llevar a cabo una asamblea convocada por la Ctera ante el duro conflicto con el gobierno de esa provincia.<\/p>\n<p>Con un comunicado de prensa, las entidades agrupadas en el Frente Gremial Docente (Atech, Utre Ctera y Sadop) informaron que sus agremiados adhieren al paro nacional convocado por la Central de Trabajadores de la Educaci\u00f3n de la Rep\u00fablica Argentina (Ctera) por 24 horas para ma\u00f1ana jueves 22 de junio en todo el pa\u00eds. Se cumplir\u00e1 en todos los niveles y modalidades del sistema educativo y ser\u00e1 sin asistencia a los lugares de trabajo.<br \/>\n&#8220;El espacio gremial repudia y condena, del mismo modo que exige el cese inmediato de la brutal represi\u00f3n determinada y ejercida por el gobierno de la Provincia de Jujuy a manos del gobernador Gerardo Morales, desatada en el contexto de multitudinarias movilizaciones del pueblo trabajador juje\u00f1o, y muy especialmente por los trabajadores docentes, alzando su justa voz de protesta por el respeto a sus derechos -y en medio de decretazos de criminalizaci\u00f3n de la protesta-, propios de los gobiernos neoliberales que definitivamente arremeten contra los derechos del conjunto de la sociedad&#8221;, se\u00f1ala el escrito difundido.<br \/>\n&#8220;Las organizaciones sindicales del frente expresan su solidaridad con el pueblo juje\u00f1o que pac\u00edficamente se manifiesta en las calles de dicha provincia, especialmente con los colegas trabajadores de la educaci\u00f3n que como respuesta a los reclamos est\u00e1n recibiendo nada m\u00e1s ni nada menos que una feroz represi\u00f3n, pr\u00e1ctica que se cre\u00eda inexistente a cuarenta a\u00f1os de la restituci\u00f3n de la democracia en nuestro pa\u00eds&#8221;, destacaron.<\/p>\n<p>Carlos Cuevas, referente en la provincia de Utre Ctera, en comunicaci\u00f3n con NORTE indic\u00f3 que &#8220;el esp\u00edritu de esta convocatoria es visibilizar la aparici\u00f3n de estas pr\u00e1cticas represivas de los reclamos de los trabajadores. Llama la atenci\u00f3n que suceda justo ahora, por lo que creemos que puede ser una prueba de laboratorio a fin de cuantificar el impacto de estas medidas. La cohesi\u00f3n y la solidaridad de todos los trabajadores son totales, y por eso hay un apoyo un\u00e1nime a las protestas para que se d\u00e9 marcha atr\u00e1s a cualquier legislaci\u00f3n pol\u00e9mica que se quiera instalar desde el Ejecutivo de esa provincia&#8221;.<br \/>\n&#8220;Los representantes de Ctera de toda la Argentina estamos viajando desde todo el pa\u00eds hacia San Salvador de Jujuy, para llevar a cabo una asamblea el jueves en esa ciudad&#8221;, coment\u00f3.<br \/>\nFEDERACI\u00d3N SITECH<br \/>\nFederaci\u00f3n Sitech tambi\u00e9n convoc\u00f3 a una medida de fuerza ma\u00f1ana, y realizar\u00e1 una concentraci\u00f3n en la rotonda de Presidencia Roque S\u00e1enz Pe\u00f1a a las 9.30 como actividad central. &#8220;La medida es en solidaridad con la docencia de las provincias de Jujuy, Salta, Santa Cruz, Chubut, Tierra del Fuego, San Juan, La Rioja y Misiones que se encuentran en conflicto salarial, conflicto del que nuestra provincia no es ajeno, como tampoco lo es a la aplicaci\u00f3n de mecanismos represivos por parte del Estado provincial que haciendo uso de la violencia institucional disciplina a los trabajadores aniquilando toda posibilidad de lucha&#8221;, afirm\u00f3 la entidad en un comunicado.<br \/>\n&#8220;Cabe mencionar que este sindicato no acept\u00f3 la pauta salarial dispuesta en el marco de la paritaria y que dicha decisi\u00f3n se sustenta en el mandato de la docencia chaque\u00f1a consultada en las escuelas en febrero por considerarla absolutamente mezquina, ya que no contempla la p\u00e9rdida del poder adquisitivo sufrido por los trabajadores de la educaci\u00f3n y que rondar\u00eda un 60 %&#8221;, afirman.<br \/>\n&#8220;Por otra parte, no podemos dejar de mencionar que la brutalidad con la que se pretende aniquilar la lucha en la provincia de Jujuy merece el repudio generalizado de todos los sectores, por lo que nos solidarizamos con todos los trabajadores en lucha y rechazamos cualquier intento por criminalizar la protesta y, al mismo tiempo, despreciamos la utilizaci\u00f3n partidaria y oportunista que no hacen m\u00e1s que empa\u00f1ar luchas leg\u00edtimas, situaci\u00f3n que queda en evidencia cuando sindicatos nacionales abiertamente militantes de un partido se hacen eco de un conflicto, siempre y cuando el gobierno de esa provincia pertenezca a la oposici\u00f3n, a la vez que invisibilizan y miran hacia otro lado cuando los ajustadores y represores son de su propio color pol\u00edtico&#8221;, finalizaron.<br \/>\nTAMBI\u00c9N ATE Y CTA AUT\u00d3NOMA<br \/>\nLa Asociaci\u00f3n de Trabajadores del Estado (ATE) decidi\u00f3 adherir a la medida de fuerza de ma\u00f1ana, a trav\u00e9s de una nota dirigida a los secretarios generales de todo el pa\u00eds.<br \/>\nAdem\u00e1s, hoy a las 10:00 habr\u00e1 una conferencia de prensa en el local de la CTA Aut\u00f3noma Chaco (Entre R\u00edos 357). Se va a anunciar movilizaci\u00f3n y medida de fuerza, convocando a un paro nacional para ma\u00f1ana jueves por los sucesos desencadenados en Jujuy.<\/p>\n<p> DIARIO NORTE.-<\/p>\n","protected":false},"excerpt":{"rendered":"<p>El Frente Gremial Docente viaja a San Salvador para llevar a cabo una asamblea convocada por la Ctera ante el duro conflicto con el gobierno de esa provincia. Con un comunicado de prensa, las entidades agrupadas en el Frente Gremial Docente (Atech, Utre Ctera y Sadop) informaron que sus agremiados adhieren al paro nacional convocado [&hellip;]<\/p>\n","protected":false},"author":1,"featured_media":22969,"comment_status":"closed","ping_status":"closed","sticky":false,"template":"","format":"standard","meta":{"footnotes":""},"categories":[6],"tags":[],"class_list":{"0":"post-22968","1":"post","2":"type-post","3":"status-publish","4":"format-standard","5":"has-post-thumbnail","7":"category-chaco"},"_links":{"self":[{"href":"https:\/\/chacosintesis.com.ar\/index.php\/wp-json\/wp\/v2\/posts\/22968","targetHints":{"allow":["GET"]}}],"collection":[{"href":"https:\/\/chacosintesis.com.ar\/index.php\/wp-json\/wp\/v2\/posts"}],"about":[{"href":"https:\/\/chacosintesis.com.ar\/index.php\/wp-json\/wp\/v2\/types\/post"}],"author":[{"embeddable":true,"href":"https:\/\/chacosintesis.com.ar\/index.php\/wp-json\/wp\/v2\/users\/1"}],"replies":[{"embeddable":true,"href":"https:\/\/chacosintesis.com.ar\/index.php\/wp-json\/wp\/v2\/comments?post=22968"}],"version-history":[{"count":0,"href":"https:\/\/chacosintesis.com.ar\/index.php\/wp-json\/wp\/v2\/posts\/22968\/revisions"}],"wp:featuredmedia":[{"embeddable":true,"href":"https:\/\/chacosintesis.com.ar\/index.php\/wp-json\/wp\/v2\/media\/22969"}],"wp:attachment":[{"href":"https:\/\/chacosintesis.com.ar\/index.php\/wp-json\/wp\/v2\/media?parent=22968"}],"wp:term":[{"taxonomy":"category","embeddable":true,"href":"https:\/\/chacosintesis.com.ar\/index.php\/wp-json\/wp\/v2\/categories?post=22968"},{"taxonomy":"post_tag","embeddable":true,"href":"https:\/\/chacosintesis.com.ar\/index.php\/wp-json\/wp\/v2\/tags?post=22968"}],"curies":[{"name":"wp","href":"https:\/\/api.w.org\/{rel}","templated":true}]}}