{"id":22944,"date":"2023-06-21T18:30:02","date_gmt":"2023-06-21T21:30:02","guid":{"rendered":"https:\/\/chacosintesis.com.ar\/?p=22944"},"modified":"2023-06-21T18:37:34","modified_gmt":"2023-06-21T21:37:34","slug":"marcela-acuna-vi-un-bulto-en-la-habitacion-y-supuse-que-era-un-cuerpo","status":"publish","type":"post","link":"https:\/\/chacosintesis.com.ar\/index.php\/marcela-acuna-vi-un-bulto-en-la-habitacion-y-supuse-que-era-un-cuerpo\/","title":{"rendered":"Marcela Acu\u00f1a: &#8220;Vi un bulto en la habitaci\u00f3n y supuse que era un cuerpo&#8221;"},"content":{"rendered":"<p>Marcela Acu\u00f1a declar\u00f3 40 minutos en la Fiscal\u00eda de Investigaci\u00f3n Penal.<br \/>\nEntre las partes m\u00e1s sobresalientes de su declaraci\u00f3n, se destac\u00f3 su desentendimiento ante el crimen que la posiciona como principal autora del presunto femicidio de Cecilia Stryzowski.<\/p>\n<p>&#8220;Vi un bulto dentro de una de las habitaciones y supuse que era un cuerpo&#8221;, dijo la imputada por el crimen de Cecilia. A lo que sentenci\u00f3: &#8220;Yo no tengo nada que ver con el hecho&#8221;, se defendi\u00f3 la mam\u00e1 de C\u00e9sar Sena.<\/p>\n<p> DIARIO NORTE.-<\/p>\n","protected":false},"excerpt":{"rendered":"<p>Marcela Acu\u00f1a declar\u00f3 40 minutos en la Fiscal\u00eda de Investigaci\u00f3n Penal. Entre las partes m\u00e1s sobresalientes de su declaraci\u00f3n, se destac\u00f3 su desentendimiento ante el crimen que la posiciona como principal autora del presunto femicidio de Cecilia Stryzowski. &#8220;Vi un bulto dentro de una de las habitaciones y supuse que era un cuerpo&#8221;, dijo la [&hellip;]<\/p>\n","protected":false},"author":1,"featured_media":22945,"comment_status":"closed","ping_status":"closed","sticky":false,"template":"","format":"standard","meta":{"footnotes":""},"categories":[6],"tags":[197],"class_list":{"0":"post-22944","1":"post","2":"type-post","3":"status-publish","4":"format-standard","5":"has-post-thumbnail","7":"category-chaco","8":"tag-destacada"},"_links":{"self":[{"href":"https:\/\/chacosintesis.com.ar\/index.php\/wp-json\/wp\/v2\/posts\/22944","targetHints":{"allow":["GET"]}}],"collection":[{"href":"https:\/\/chacosintesis.com.ar\/index.php\/wp-json\/wp\/v2\/posts"}],"about":[{"href":"https:\/\/chacosintesis.com.ar\/index.php\/wp-json\/wp\/v2\/types\/post"}],"author":[{"embeddable":true,"href":"https:\/\/chacosintesis.com.ar\/index.php\/wp-json\/wp\/v2\/users\/1"}],"replies":[{"embeddable":true,"href":"https:\/\/chacosintesis.com.ar\/index.php\/wp-json\/wp\/v2\/comments?post=22944"}],"version-history":[{"count":0,"href":"https:\/\/chacosintesis.com.ar\/index.php\/wp-json\/wp\/v2\/posts\/22944\/revisions"}],"wp:featuredmedia":[{"embeddable":true,"href":"https:\/\/chacosintesis.com.ar\/index.php\/wp-json\/wp\/v2\/media\/22945"}],"wp:attachment":[{"href":"https:\/\/chacosintesis.com.ar\/index.php\/wp-json\/wp\/v2\/media?parent=22944"}],"wp:term":[{"taxonomy":"category","embeddable":true,"href":"https:\/\/chacosintesis.com.ar\/index.php\/wp-json\/wp\/v2\/categories?post=22944"},{"taxonomy":"post_tag","embeddable":true,"href":"https:\/\/chacosintesis.com.ar\/index.php\/wp-json\/wp\/v2\/tags?post=22944"}],"curies":[{"name":"wp","href":"https:\/\/api.w.org\/{rel}","templated":true}]}}