{"id":22924,"date":"2023-06-20T18:44:23","date_gmt":"2023-06-20T21:44:23","guid":{"rendered":"https:\/\/chacosintesis.com.ar\/?p=22924"},"modified":"2023-06-20T19:06:48","modified_gmt":"2023-06-20T22:06:48","slug":"hallan-restos-oseos-y-un-dije-en-rio-lindero-a-la-chancheria-de-emerenciano-sena","status":"publish","type":"post","link":"https:\/\/chacosintesis.com.ar\/index.php\/hallan-restos-oseos-y-un-dije-en-rio-lindero-a-la-chancheria-de-emerenciano-sena\/","title":{"rendered":"Hallan restos \u00f3seos y un dije en r\u00edo lindero a la chancher\u00eda de Emerenciano Sena"},"content":{"rendered":"<p>El procedimiento fue realizado desde la ma\u00f1ana a pedido del Equipo Fiscal Especial (EFE), integrado por los fiscales Jorge C\u00e1ceres Olivera, Jorge G\u00f3mez y Nelia Vel\u00e1zquez.<br \/>\n Restos \u00f3seos aparentemente triturados y un dije, entre otros elementos, fueron hallados esta tarde durante los rastrillajes que se realizaron en un r\u00edo en proximidades de la chancher\u00eda perteneciente al matrimonio de Emerenciano Sena y su esposa Marcela Acu\u00f1a, en el marco de la causa por el presunto femicidio de Cecilia Strzyzowski, la joven que fue vista por \u00faltima vez el pasado viernes 2 de junio, en Resistencia.<br \/>\nFuentes de la investigaci\u00f3n aseguraron que el procedimiento fue realizado desde la ma\u00f1ana a pedido del Equipo Fiscal Especial (EFE), integrado por los fiscales Jorge C\u00e1ceres Olivera, Jorge G\u00f3mez y Nelia Vel\u00e1zquez, y se realiz\u00f3 sobre el lecho del R\u00edo Tragadero, en la zona de Puerto Tirol, donde peritos del gabinete cient\u00edfico de la polic\u00eda local trabajaron durante m\u00e1s de cuatro horas.<br \/>\nAlgunas versiones indicaban esta tarde que los peritos llegaron hasta all\u00ed luego de la ampliaci\u00f3n de la indagatoria realizada por el imputado Gustavo Obreg\u00f3n, uno de los siete detenidos por el hecho, quien aparentemente aport\u00f3 detalles del lugar hasta el que llev\u00f3 una serie de bolsas, a pedido de Emerenciano Sena, pero que no supo nunca su contenido. &#8220;Todo lo hallado tiene que ser peritado. Se le recepcion\u00f3 la ampliaci\u00f3n de la declaraci\u00f3n indagatoria (a Obreg\u00f3n) que fue previa al rastrillaje&#8221;, dijo esta tarde la fiscal Vel\u00e1zquez en referencia al lugar rastrillado hoy por los investigadores.<br \/>\nLos restos \u00f3seos hallados aparentemente triturados ser\u00e1n ahora peritados para establecer si, efectivamente son humanos y, luego, si pertenecen a Cecilia. Tambi\u00e9n se analizar\u00e1n los otros elementos encontrados, entre ellos un dije, que ser\u00e1 peritado y mostrado a los padres de la joven desaparecida para saber si pertenec\u00eda a ella.<br \/>\nLa diligencia fue encabezada por el fiscal C\u00e1ceres Olivera y se inici\u00f3 a las 8 de esta ma\u00f1ana, hasta donde llegaron tanto peritos del gabinete cient\u00edfico como personal de Homicidios, Trata de Personas, polic\u00eda caminera y de la comisar\u00eda de Puerto Tirol. El acceso al campo de los Sena estuvo cortado, al igual que d\u00edas anteriores, unos mil metros antes por personal de polic\u00eda vial.<br \/>\nEl r\u00edo Tregadero est\u00e1 ubicado en un sector lindante al campo de los Sena y, si bien estuvieron presentes buzos t\u00e1cticos de la polic\u00eda provincial, el hallazgo fue realizado por personal que realizaba rastrillaje en uno de los bordes del lecho de agua.<br \/>\n&#8220;Se encontraron nuevos elementos y se va a ver despu\u00e9s de qu\u00e9 se trata. Uno siempre busca la verdad, uno no sabe cu\u00e1n cerca est\u00e1 o cu\u00e1n lejos. A medida que se van produciendo m\u00e1s pruebas, uno va creyendo en las pruebas que va incorporando para llegar a esa verdad. La verdad se va a saber&#8221;, dijo esta tarde el fiscal G\u00f3mez.<br \/>\nA su lado, la fiscal Vel\u00e1zquez coincidi\u00f3 con su colega, al afirmar que &#8220;todo lo hallado tiene que ser peritado&#8221;. Vel\u00e1zquez tambi\u00e9n explic\u00f3 que los elementos hallados ayer dentro de una valija en el marco de otro rastrillaje realizado por la investigaci\u00f3n &#8220;ser\u00e1n analizados y exhibidos a la madre&#8221; de la v\u00edctima. &#8220;Hoy fue la apertura de los elementos de la valija para que no se corte la cadena de custodia y estaban las partes. En los pr\u00f3ximos d\u00edas le ser\u00e1 exhibida a la madre&#8221;, agreg\u00f3.<br \/>\nFuente: T\u00e9lam<\/p>\n","protected":false},"excerpt":{"rendered":"<p>El procedimiento fue realizado desde la ma\u00f1ana a pedido del Equipo Fiscal Especial (EFE), integrado por los fiscales Jorge C\u00e1ceres Olivera, Jorge G\u00f3mez y Nelia Vel\u00e1zquez. Restos \u00f3seos aparentemente triturados y un dije, entre otros elementos, fueron hallados esta tarde durante los rastrillajes que se realizaron en un r\u00edo en proximidades de la chancher\u00eda perteneciente [&hellip;]<\/p>\n","protected":false},"author":1,"featured_media":22925,"comment_status":"closed","ping_status":"closed","sticky":false,"template":"","format":"standard","meta":{"footnotes":""},"categories":[6],"tags":[197],"class_list":{"0":"post-22924","1":"post","2":"type-post","3":"status-publish","4":"format-standard","5":"has-post-thumbnail","7":"category-chaco","8":"tag-destacada"},"_links":{"self":[{"href":"https:\/\/chacosintesis.com.ar\/index.php\/wp-json\/wp\/v2\/posts\/22924","targetHints":{"allow":["GET"]}}],"collection":[{"href":"https:\/\/chacosintesis.com.ar\/index.php\/wp-json\/wp\/v2\/posts"}],"about":[{"href":"https:\/\/chacosintesis.com.ar\/index.php\/wp-json\/wp\/v2\/types\/post"}],"author":[{"embeddable":true,"href":"https:\/\/chacosintesis.com.ar\/index.php\/wp-json\/wp\/v2\/users\/1"}],"replies":[{"embeddable":true,"href":"https:\/\/chacosintesis.com.ar\/index.php\/wp-json\/wp\/v2\/comments?post=22924"}],"version-history":[{"count":0,"href":"https:\/\/chacosintesis.com.ar\/index.php\/wp-json\/wp\/v2\/posts\/22924\/revisions"}],"wp:featuredmedia":[{"embeddable":true,"href":"https:\/\/chacosintesis.com.ar\/index.php\/wp-json\/wp\/v2\/media\/22925"}],"wp:attachment":[{"href":"https:\/\/chacosintesis.com.ar\/index.php\/wp-json\/wp\/v2\/media?parent=22924"}],"wp:term":[{"taxonomy":"category","embeddable":true,"href":"https:\/\/chacosintesis.com.ar\/index.php\/wp-json\/wp\/v2\/categories?post=22924"},{"taxonomy":"post_tag","embeddable":true,"href":"https:\/\/chacosintesis.com.ar\/index.php\/wp-json\/wp\/v2\/tags?post=22924"}],"curies":[{"name":"wp","href":"https:\/\/api.w.org\/{rel}","templated":true}]}}