{"id":22904,"date":"2023-06-20T16:01:21","date_gmt":"2023-06-20T19:01:21","guid":{"rendered":"https:\/\/chacosintesis.com.ar\/?p=22904"},"modified":"2023-06-20T16:06:47","modified_gmt":"2023-06-20T19:06:47","slug":"acto-central-el-dia-de-la-bandera-desde-ciervo-petiso-hoy-la-patria-nos-necesita-a-todos-aseguro-capitanich","status":"publish","type":"post","link":"https:\/\/chacosintesis.com.ar\/index.php\/acto-central-el-dia-de-la-bandera-desde-ciervo-petiso-hoy-la-patria-nos-necesita-a-todos-aseguro-capitanich\/","title":{"rendered":"Acto central: El D\u00eda de la Bandera desde Ciervo Petiso: \u201cHoy la Patria nos necesita a todos\u201d, asegur\u00f3 Capitanich"},"content":{"rendered":"<p>En recuerdo al fallecimiento de Manuel Belgrano, el mandatario provincial llam\u00f3 a defender la Patria y la Democracia por sobre las corporaciones.<br \/>\nEl gobernador Jorge Capitanich y la vicegobernadora Anal\u00eda Rach Quiroga participaron este martes del acto central por el D\u00eda de la Bandera en Ciervo Petiso. Junto al intendente Ram\u00f3n Alderete y al ministro de Educaci\u00f3n, Aldo Lineras, acompa\u00f1aron la promesa de lealtad a la Bandera Nacional de alumnas y alumnos de cuarto grado y el tradicional desfile patrio.<br \/>\nEn el d\u00eda del 203\u00b0 aniversario del fallecimiento del General Manuel Belgrano, Capitanich record\u00f3 al creador de la bandera y asegur\u00f3 que \u201cBelgrano es s\u00edmbolo de nuestra Patria&#8221;. &#8220;Belgrano es la representaci\u00f3n del ejercicio de nuestra soberan\u00eda. Es el h\u00e9roe de nuestras luchas. Debemos honrar su memoria a trav\u00e9s de una participaci\u00f3n activa de la comunidad\u201d, expres\u00f3.<br \/>\n&#8220;Hoy la Patria libre, justa y soberana nos necesita a todas y todos; debemos defenderla de las corporaciones que est\u00e1n al servicio de los intereses minoritarios que pretenden defenestrar nuestros recursos para empobrecer y explotar a nuestro pueblo. Hoy, m\u00e1s que nunca, debemos defender la democracia de las corporaciones, libertad e independencia contra la imposici\u00f3n de grupos concentrados que buscan degradar nuestra Patria\u201d, remarc\u00f3.<br \/>\nAs\u00ed llam\u00f3 a celebrar cada fecha con un homenaje a cada uno de los pr\u00f3ceres que representaron las ideas m\u00e1s importantes de libertad, independencia, democracia e identidad. \u201cDebemos sentirnos orgullosos de nuestra Patria y defender nuestros recursos. Se defiende la bandera ejerciendo soberan\u00eda y defendiendo a nuestro pueblo, de lo contrario no estaremos honrando la memoria de Belgrano, San Mart\u00edn y G\u00fcemes, que ofrendaron su vida\u201d, se\u00f1al\u00f3.<br \/>\nEn este sentido remarc\u00f3 que \u201cla bandera argentina nos cobija y nos protege como Naci\u00f3n&#8221;. &#8220;Es s\u00edmbolo del sentimiento de arraigo a nuestro pueblo. Somos lo que la Patria representa: una herencia de recuerdos de aquellos pr\u00f3ceres que dieron su vida para defender nuestra tierra\u201d, sostuvo Capitanich, recordando de la misma manera a los excombatientes de Malvinas.<br \/>\nAlderete: &#8220;Debemos defender nuestra bandera todos los d\u00edas&#8221;<br \/>\nEl intendente agradeci\u00f3 al Gobierno provincial que eligi\u00f3 Ciervo Petiso como sede para realizar el acto central por el D\u00eda de la Bandera. En este contexto y dirigi\u00e9ndose a la comunidad y a las y los alumnos que prometieron lealtad a la bandera, Alderete dijo: \u201cdebemos mantenerla en alto siempre, defenderla todos los d\u00edas \u00bfy c\u00f3mo lo hacemos? tendiendo la mano y sirviendo a quienes nos necesitan, es decir, haciendo Patria&#8221;. &#8220;La bandera es nuestro s\u00edmbolo, con los colores elegidos por nuestro h\u00e9roe Manuel Belgrano y es la que nos identifica mundialmente\u201d, manifest\u00f3.<br \/>\nPor su parte, el ministro Lineras, quien fue el encargado de tomar la promesa de lealtad de ni\u00f1os y ni\u00f1as de cuarto grado de escuelas primarias de esta localidad (m\u00e1s de 30 estudiantes), felicit\u00f3 a las y los estudiantes y a sus comunidades educativas, porque &#8220;este es un momento c\u00edvico fundamental en cada uno de los argentinos y cada una de las argentinas&#8221;. &#8220;Sabemos que en cuarto grado de la escuela primaria hacemos esta promesa de lealtad a nuestra Bandera Argentina, un hecho que nos queda grabado para siempre en el coraz\u00f3n&#8221;, sostuvo.<br \/>\nParticiparon adem\u00e1s del acto, el ministro de Planificaci\u00f3n, Econom\u00eda e Infraestructura, Santiago P\u00e9rez Pons; las ministras de Salud, Carolina Centeno;  de Desarrollo Social, Mar\u00eda P\u00eda Chiacchio Cavana; y de Seguridad y Justicia, Gloria Zalazar;  la secretaria de Municipios, Beatriz Bogado,  el administrador General de la Direcci\u00f3n de Vialidad Provincial (DVP), Hugo Varela, el ministro del Superior Tribunal de Justicia del Chaco, V\u00edctor del R\u00edo y vecinas y vecinos de la comunidad.<br \/>\n<<a href=\"http:\/\/www.avg.com\/email-signature?utm_medium=email&#038;utm_source=link&#038;utm_campaign=sig-email&#038;utm_content=webmail\">www.avg.com\/email-signature?utm_medium=email&amp;utm_source=link&amp;utm_campaign=sig-email&amp;utm_content=webmail<\/a>> Libre de virus.www.avg.com <<a href=\"http:\/\/www.avg.com\/email-signature?utm_medium=email&#038;utm_source=link&#038;utm_campaign=sig-email&#038;utm_content=webmail\">www.avg.com\/email-signature?utm_medium=email&amp;utm_source=link&amp;utm_campaign=sig-email&amp;utm_content=webmail<\/a>> <#DAB4FAD8-2DD7-40BB-A1B8-4E2AA1F9FDF2><\/p>\n","protected":false},"excerpt":{"rendered":"<p>En recuerdo al fallecimiento de Manuel Belgrano, el mandatario provincial llam\u00f3 a defender la Patria y la Democracia por sobre las corporaciones. El gobernador Jorge Capitanich y la vicegobernadora Anal\u00eda Rach Quiroga participaron este martes del acto central por el D\u00eda de la Bandera en Ciervo Petiso. Junto al intendente Ram\u00f3n Alderete y al ministro [&hellip;]<\/p>\n","protected":false},"author":1,"featured_media":22905,"comment_status":"closed","ping_status":"closed","sticky":false,"template":"","format":"standard","meta":{"footnotes":""},"categories":[6],"tags":[],"class_list":{"0":"post-22904","1":"post","2":"type-post","3":"status-publish","4":"format-standard","5":"has-post-thumbnail","7":"category-chaco"},"_links":{"self":[{"href":"https:\/\/chacosintesis.com.ar\/index.php\/wp-json\/wp\/v2\/posts\/22904","targetHints":{"allow":["GET"]}}],"collection":[{"href":"https:\/\/chacosintesis.com.ar\/index.php\/wp-json\/wp\/v2\/posts"}],"about":[{"href":"https:\/\/chacosintesis.com.ar\/index.php\/wp-json\/wp\/v2\/types\/post"}],"author":[{"embeddable":true,"href":"https:\/\/chacosintesis.com.ar\/index.php\/wp-json\/wp\/v2\/users\/1"}],"replies":[{"embeddable":true,"href":"https:\/\/chacosintesis.com.ar\/index.php\/wp-json\/wp\/v2\/comments?post=22904"}],"version-history":[{"count":0,"href":"https:\/\/chacosintesis.com.ar\/index.php\/wp-json\/wp\/v2\/posts\/22904\/revisions"}],"wp:featuredmedia":[{"embeddable":true,"href":"https:\/\/chacosintesis.com.ar\/index.php\/wp-json\/wp\/v2\/media\/22905"}],"wp:attachment":[{"href":"https:\/\/chacosintesis.com.ar\/index.php\/wp-json\/wp\/v2\/media?parent=22904"}],"wp:term":[{"taxonomy":"category","embeddable":true,"href":"https:\/\/chacosintesis.com.ar\/index.php\/wp-json\/wp\/v2\/categories?post=22904"},{"taxonomy":"post_tag","embeddable":true,"href":"https:\/\/chacosintesis.com.ar\/index.php\/wp-json\/wp\/v2\/tags?post=22904"}],"curies":[{"name":"wp","href":"https:\/\/api.w.org\/{rel}","templated":true}]}}