{"id":22902,"date":"2023-06-20T15:59:17","date_gmt":"2023-06-20T18:59:17","guid":{"rendered":"https:\/\/chacosintesis.com.ar\/?p=22902"},"modified":"2023-06-20T16:06:46","modified_gmt":"2023-06-20T19:06:46","slug":"elecciones-municipales-las-localidades-que-ya-definieron-la-fecha-de-los-proximos-comicios","status":"publish","type":"post","link":"https:\/\/chacosintesis.com.ar\/index.php\/elecciones-municipales-las-localidades-que-ya-definieron-la-fecha-de-los-proximos-comicios\/","title":{"rendered":"Elecciones municipales: las localidades que ya definieron la fecha de los pr\u00f3ximos comicios"},"content":{"rendered":"<p>El organismo provincial dio a conocer las fechas de las localidades que presentaron hasta el momento su documentaci\u00f3n para definir las fechas de las pr\u00f3ximas elecciones comunales.<br \/>\nTranscurridas las PASO 2023 en la provincia, de los 70 municipios chaque\u00f1os suman hasta el momento 59 los que confirmaron la fecha para las pr\u00f3ximas elecciones generales para elegir intendenta o intendente municipal. De ese n\u00famero que present\u00f3 la documentaci\u00f3n respaldatoria ante el Tribunal Electoral de la provincia del Chaco, 58 realizar\u00e1n sus elecciones el pr\u00f3ximo 17 de septiembre, fecha que coincide con las elecciones generales en la que se elegir\u00e1n gobernador, vice y legisladores provinciales.<br \/>\nA partir de la informaci\u00f3n oficial en la p\u00e1gina web ofrecida por el Tribunal Electoral del Chaco, estas son las localidades en las que se realizar\u00e1n las elecciones el 17 de septiembre pr\u00f3ximo: 1- Avia Terai; 2- Basail; 3- Campo Largo; 4- Capit\u00e1n Solari;  5- Charata; 6- Chorotis; 7- Ciervo Petiso; 8- Colonia Aborigen; 9- Colonia Elisa; 10- Colonia Popular; 11 &#8211; Colonias Unidas; 12 &#8211; Concepci\u00f3n del Bermejo; 13 &#8211; Coronel Du Graty; 14 \u2013 Corzuela; 15 &#8211; Cote Lai; 16- El Espinillo; 17 \u2013 Fontana; 18- Gancedo; 19- General Capdevila; 20- General San Mart\u00edn; 21- General Pinedo; 22- General Vedia; 23- Hermoso Campo; 24- La Clotilde; 25- La Eduvigis; 26- La Escondida; 27- La Leonesa; 28- La Verde; 29- Laguna Blanca; 30- Laguna Limpia; 31- Lapachito; 32- Las Bre\u00f1as; 33- Las Garcitas; 34- Las Palmas; 35- Los Frentones; 36- Machagai; 37- Margarita Bel\u00e9n; 38- Miraflores; 39- Misi\u00f3n Nueva Pompeya; 40- Napenay; 41- Pampa Almir\u00f3n; 42- Pampa del Indio; 43- Pampa del Infierno; 44- Presidencia de la Plaza; 45- Presidencia Roca; 46- Puerto Bermejo; 47- Puerto Eva Per\u00f3n; 48- Puerto Tirol 49; Puerto Vilelas; 50- Resistencia; 51- Samuh\u00fa; 52- Santa Sylvina; 53- Taco Pozo; 54- Tres Isletas; 55- Villa \u00c1ngela; 56- Villa Berthet; 57- Villa R\u00edo Bermejito y 58- Presidencia Roque S\u00e1enz Pe\u00f1a.<br \/>\nEn tanto, Makall\u00e9 elegir\u00e1 sus autoridades municipales el 5 de noviembre del 2023.<br \/>\n<<a href=\"http:\/\/www.avg.com\/email-signature?utm_medium=email&#038;utm_source=link&#038;utm_campaign=sig-email&#038;utm_content=webmail\">www.avg.com\/email-signature?utm_medium=email&amp;utm_source=link&amp;utm_campaign=sig-email&amp;utm_content=webmail<\/a>> Libre de virus.www.avg.com <<a href=\"http:\/\/www.avg.com\/email-signature?utm_medium=email&#038;utm_source=link&#038;utm_campaign=sig-email&#038;utm_content=webmail\">www.avg.com\/email-signature?utm_medium=email&amp;utm_source=link&amp;utm_campaign=sig-email&amp;utm_content=webmail<\/a>> <#DAB4FAD8-2DD7-40BB-A1B8-4E2AA1F9FDF2><\/p>\n","protected":false},"excerpt":{"rendered":"<p>El organismo provincial dio a conocer las fechas de las localidades que presentaron hasta el momento su documentaci\u00f3n para definir las fechas de las pr\u00f3ximas elecciones comunales. Transcurridas las PASO 2023 en la provincia, de los 70 municipios chaque\u00f1os suman hasta el momento 59 los que confirmaron la fecha para las pr\u00f3ximas elecciones generales para [&hellip;]<\/p>\n","protected":false},"author":1,"featured_media":22903,"comment_status":"closed","ping_status":"closed","sticky":false,"template":"","format":"standard","meta":{"footnotes":""},"categories":[6],"tags":[],"class_list":{"0":"post-22902","1":"post","2":"type-post","3":"status-publish","4":"format-standard","5":"has-post-thumbnail","7":"category-chaco"},"_links":{"self":[{"href":"https:\/\/chacosintesis.com.ar\/index.php\/wp-json\/wp\/v2\/posts\/22902","targetHints":{"allow":["GET"]}}],"collection":[{"href":"https:\/\/chacosintesis.com.ar\/index.php\/wp-json\/wp\/v2\/posts"}],"about":[{"href":"https:\/\/chacosintesis.com.ar\/index.php\/wp-json\/wp\/v2\/types\/post"}],"author":[{"embeddable":true,"href":"https:\/\/chacosintesis.com.ar\/index.php\/wp-json\/wp\/v2\/users\/1"}],"replies":[{"embeddable":true,"href":"https:\/\/chacosintesis.com.ar\/index.php\/wp-json\/wp\/v2\/comments?post=22902"}],"version-history":[{"count":0,"href":"https:\/\/chacosintesis.com.ar\/index.php\/wp-json\/wp\/v2\/posts\/22902\/revisions"}],"wp:featuredmedia":[{"embeddable":true,"href":"https:\/\/chacosintesis.com.ar\/index.php\/wp-json\/wp\/v2\/media\/22903"}],"wp:attachment":[{"href":"https:\/\/chacosintesis.com.ar\/index.php\/wp-json\/wp\/v2\/media?parent=22902"}],"wp:term":[{"taxonomy":"category","embeddable":true,"href":"https:\/\/chacosintesis.com.ar\/index.php\/wp-json\/wp\/v2\/categories?post=22902"},{"taxonomy":"post_tag","embeddable":true,"href":"https:\/\/chacosintesis.com.ar\/index.php\/wp-json\/wp\/v2\/tags?post=22902"}],"curies":[{"name":"wp","href":"https:\/\/api.w.org\/{rel}","templated":true}]}}