{"id":22900,"date":"2023-06-20T15:57:08","date_gmt":"2023-06-20T18:57:08","guid":{"rendered":"https:\/\/chacosintesis.com.ar\/?p=22900"},"modified":"2023-06-20T16:06:46","modified_gmt":"2023-06-20T19:06:46","slug":"esta-tarde-emerenciano-sena-pidio-declarar-en-la-causa-por-el-presunto-femicidio-de-cecilia","status":"publish","type":"post","link":"https:\/\/chacosintesis.com.ar\/index.php\/esta-tarde-emerenciano-sena-pidio-declarar-en-la-causa-por-el-presunto-femicidio-de-cecilia\/","title":{"rendered":"Esta tarde: Emerenciano Sena pidi\u00f3 declarar en la causa por el presunto femicidio de Cecilia"},"content":{"rendered":"<p>\u201cSeguramente los d\u00edas que lleva detenido deben influir en la cabeza de este hombre&#8221;, dijo Juan Arregin, uno de los que patrocina a la familia de Cecilia en el expediente, frente a la fiscal\u00eda.<br \/>\nEmerenciano Sena pidi\u00f3 esta tarde declarar por primera vez en el marco de la causa por el presunto femicidio de Cecilia Strzyzowski, la joven que fue vista por \u00faltima vez el pasado viernes 2 de junio en Resistencia, informaron fuentes judiciales.<br \/>\nEl referente social de la provincia, quien permanec\u00eda alojado en la comisar\u00eda Tercera de Resistencia, fue trasladado esta tarde a la sede judicial y mantuvo un encuentro con su abogado Juan Carlos Saife, tras lo cual se prev\u00e9 que declare por primera vez como imputado ante el Equipo Fiscal Especial (EFE), integrado por los fiscales C\u00e1ceres Olivera, Jorge G\u00f3mez y Nelia Vel\u00e1squez.<br \/>\nPrecisamente, Gustavo Obreg\u00f3n, uno de los siete detenidos por el caso, declar\u00f3 hoy durante m\u00e1s de dos horas ante los fiscales. Obreg\u00f3n es el marido de Fabiana Gonz\u00e1lez, asistente personal del matrimonio de Emerenciano Sena y Marcela Acu\u00f1a, todos tambi\u00e9n detenidos en el marco de la causa.<br \/>\n\u201cSeguramente los d\u00edas que lleva detenido deben influir en la cabeza de este hombre. Esperemos que lo que tenga para decir ayude para la causa, ya que la primera vez que declar\u00f3 tambi\u00e9n hizo alg\u00fan aporte\u201d, dijo esta ma\u00f1ana a T\u00e9lam, en la puerta de la fiscal\u00eda, el abogado Juan Arregin, uno de los que patrocina a la familia de Cecilia en el expediente.<br \/>\nEs que Obreg\u00f3n, en su primera indagatoria, reconoci\u00f3 que cargaron en su auto, un Citr\u00f6en C4, una serie de bolsas que luego llevaron a quemar. La imputaci\u00f3n de la fiscal\u00eda para \u00e9l es por \u201chomicidio agravado por el concurso premeditado de dos o m\u00e1s personas en calidad de part\u00edcipe secundario\u201d.<br \/>\nArregin tambi\u00e9n indic\u00f3 que \u201cse est\u00e1 trabajando con la declaraci\u00f3n de testigos encubiertos, que pertenecen al c\u00edrculo cercano de Cecilia y C\u00e9sar Sena, y que nos pueden aportar mucho, en especial, para saber cu\u00e1l era el estado de \u00e1nimo de \u00e9l antes de ser detenido, es decir, si estaba ansioso, angustiado, preocupado o desesperado\u201d.<br \/>\nEl abogado querellante tambi\u00e9n revel\u00f3 a T\u00e9lam que hoy se realiz\u00f3 ante las partes \u201cla apertura de sobres de todos los elementos secuestrados en la causa\u201d y adelant\u00f3 que \u201cquiz\u00e1s ma\u00f1ana se haga la diligencia de reconocimiento con la mam\u00e1 de Cecilia\u201d, Gloria Romero.<br \/>\nFuente: T\u00e9lam<br \/>\n<<a href=\"http:\/\/www.avg.com\/email-signature?utm_medium=email&#038;utm_source=link&#038;utm_campaign=sig-email&#038;utm_content=webmail\">www.avg.com\/email-signature?utm_medium=email&amp;utm_source=link&amp;utm_campaign=sig-email&amp;utm_content=webmail<\/a>> Libre de virus.www.avg.com <<a href=\"http:\/\/www.avg.com\/email-signature?utm_medium=email&#038;utm_source=link&#038;utm_campaign=sig-email&#038;utm_content=webmail\">www.avg.com\/email-signature?utm_medium=email&amp;utm_source=link&amp;utm_campaign=sig-email&amp;utm_content=webmail<\/a>> <#DAB4FAD8-2DD7-40BB-A1B8-4E2AA1F9FDF2><\/p>\n","protected":false},"excerpt":{"rendered":"<p>\u201cSeguramente los d\u00edas que lleva detenido deben influir en la cabeza de este hombre&#8221;, dijo Juan Arregin, uno de los que patrocina a la familia de Cecilia en el expediente, frente a la fiscal\u00eda. Emerenciano Sena pidi\u00f3 esta tarde declarar por primera vez en el marco de la causa por el presunto femicidio de Cecilia [&hellip;]<\/p>\n","protected":false},"author":1,"featured_media":22901,"comment_status":"closed","ping_status":"closed","sticky":false,"template":"","format":"standard","meta":{"footnotes":""},"categories":[6],"tags":[],"class_list":{"0":"post-22900","1":"post","2":"type-post","3":"status-publish","4":"format-standard","5":"has-post-thumbnail","7":"category-chaco"},"_links":{"self":[{"href":"https:\/\/chacosintesis.com.ar\/index.php\/wp-json\/wp\/v2\/posts\/22900","targetHints":{"allow":["GET"]}}],"collection":[{"href":"https:\/\/chacosintesis.com.ar\/index.php\/wp-json\/wp\/v2\/posts"}],"about":[{"href":"https:\/\/chacosintesis.com.ar\/index.php\/wp-json\/wp\/v2\/types\/post"}],"author":[{"embeddable":true,"href":"https:\/\/chacosintesis.com.ar\/index.php\/wp-json\/wp\/v2\/users\/1"}],"replies":[{"embeddable":true,"href":"https:\/\/chacosintesis.com.ar\/index.php\/wp-json\/wp\/v2\/comments?post=22900"}],"version-history":[{"count":0,"href":"https:\/\/chacosintesis.com.ar\/index.php\/wp-json\/wp\/v2\/posts\/22900\/revisions"}],"wp:featuredmedia":[{"embeddable":true,"href":"https:\/\/chacosintesis.com.ar\/index.php\/wp-json\/wp\/v2\/media\/22901"}],"wp:attachment":[{"href":"https:\/\/chacosintesis.com.ar\/index.php\/wp-json\/wp\/v2\/media?parent=22900"}],"wp:term":[{"taxonomy":"category","embeddable":true,"href":"https:\/\/chacosintesis.com.ar\/index.php\/wp-json\/wp\/v2\/categories?post=22900"},{"taxonomy":"post_tag","embeddable":true,"href":"https:\/\/chacosintesis.com.ar\/index.php\/wp-json\/wp\/v2\/tags?post=22900"}],"curies":[{"name":"wp","href":"https:\/\/api.w.org\/{rel}","templated":true}]}}