{"id":22896,"date":"2023-06-20T15:53:25","date_gmt":"2023-06-20T18:53:25","guid":{"rendered":"https:\/\/chacosintesis.com.ar\/?p=22896"},"modified":"2023-06-20T16:06:45","modified_gmt":"2023-06-20T19:06:45","slug":"120-musicos-cinco-chaquenos-integraron-el-coro-y-orquesta-juvenil-del-mercosur","status":"publish","type":"post","link":"https:\/\/chacosintesis.com.ar\/index.php\/120-musicos-cinco-chaquenos-integraron-el-coro-y-orquesta-juvenil-del-mercosur\/","title":{"rendered":"120 m\u00fasicos: Cinco chaque\u00f1os integraron el Coro y Orquesta Juvenil del Mercosur"},"content":{"rendered":"<p>En una semana intensa de ensayos se conform\u00f3, a propuesta del Ministerio de Educaci\u00f3n de Naci\u00f3n, un ensamble con 120 m\u00fasicos y cantantes provenientes de Argentina, Brasil, Uruguay y Paraguay. En el auditorio de la Facultad de Derecho de la UBA, brindaron un emotivo espect\u00e1culo para dar cierre a la Reuni\u00f3n de Ministros de Educaci\u00f3n del bloque internacional.<br \/>\nEste a\u00f1o, la Rep\u00fablica Argentina, ejerciendo la presidencia pro t\u00e9mpore del Mercosur, propuso fortalecer lazos e intercambios entre j\u00f3venes a trav\u00e9s de modelos de educaci\u00f3n musical colectiva. De esta manera se conform\u00f3 la Orquesta y Coro Juvenil del Mercosur, integrada por 120 j\u00f3venes instrumentistas y cantantes, participantes de proyectos educativos y art\u00edsticos de sus respectivas naciones. Entre ellos dijeron presente cinco representantes de la provincia del Chaco: M\u00e1ximo Velazco -trompeta-, Brisa Almir\u00f3n -clarinete-, Cristian Baigorria -percusi\u00f3n-, Fiama Aquino y \u00c1ngel Mendoza Garc\u00eda -violinistas-.<br \/>\nEstos j\u00f3venes chaque\u00f1os se iniciaron musicalmente en las orquestas comunitarias, para luego ingresar al Instituto Superior del Profesorado de Ense\u00f1anza Art\u00edstica (ISPEA), donde actualmente contin\u00faan su formaci\u00f3n. Desde el a\u00f1o pasado dictan adem\u00e1s clases en el marco del programa Coros y Orquestas Infantiles y Juveniles, un modelo de ense\u00f1anza musical colectiva que desarrolla principalmente sus actividades los d\u00edas s\u00e1bados, en instituciones educativas, para ni\u00f1as, ni\u00f1os y j\u00f3venes de 6 a 18 a\u00f1os que se encuentran cursando sus estudios de manera regular en el sistema educativo.<br \/>\nTras ser seleccionados, viajaron el lunes 12 de junio a la Ciudad de Buenos Aires junto al coordinador provincial del programa, Alejandro Yensen, y durante cuatro d\u00edas vivieron una experiencia \u00fanica de ensayos y ensamble junto a m\u00fasicos de otras provincias argentinas, de Uruguay, Paraguay y Brasil.<br \/>\nFinalmente, el viernes 16 el coro y orquesta del Mercosur se present\u00f3 en el cierre de la LXII Reuni\u00f3n de Ministros de Educaci\u00f3n del bloque, que tuvo lugar en el sal\u00f3n auditorio de la Facultad de Derecho de la Universidad de Buenos Aires (UBA).<br \/>\nAll\u00ed, los 120 j\u00f3venes, dirigidos por el maestro Federico Sardella, brindaron un concierto de alt\u00edsimo nivel que se extendi\u00f3 por casi una hora para disfrute de un p\u00fablico conformado por autoridades educativas y de relaciones exteriores de los pa\u00edses del Mercosur, rectores de universidades, parlamentarios del Parlasur y estudiantes de Buenos Aires que fueron invitados a presenciar el espect\u00e1culo. La presentaci\u00f3n fue adem\u00e1s incluida dentro del Ciclo de Grandes Conciertos de la Facultad de Derecho de la UBA.<br \/>\nPara los representantes chaque\u00f1os, la participaci\u00f3n en esta iniciativa de la cartera educativa nacional result\u00f3 una vivencia que destacaron como &#8220;inolvidable y muy enriquecedora, de muchos aprendizajes, no solo en lo que refiere a la m\u00fasica sino sobre todo desde el intercambio cultural&#8221;. El concierto completo est\u00e1 disponible para volver a disfrutarlo en el canal de YouTube del Ministerio de Educaci\u00f3n de Naci\u00f3n: https:\/\/www.youtube.com\/watch?v=xFOrS4edsgU.<br \/>\n<<a href=\"http:\/\/www.avg.com\/email-signature?utm_medium=email&#038;utm_source=link&#038;utm_campaign=sig-email&#038;utm_content=webmail\">www.avg.com\/email-signature?utm_medium=email&amp;utm_source=link&amp;utm_campaign=sig-email&amp;utm_content=webmail<\/a>> Libre de virus.www.avg.com <<a href=\"http:\/\/www.avg.com\/email-signature?utm_medium=email&#038;utm_source=link&#038;utm_campaign=sig-email&#038;utm_content=webmail\">www.avg.com\/email-signature?utm_medium=email&amp;utm_source=link&amp;utm_campaign=sig-email&amp;utm_content=webmail<\/a>> <#DAB4FAD8-2DD7-40BB-A1B8-4E2AA1F9FDF2><\/p>\n","protected":false},"excerpt":{"rendered":"<p>En una semana intensa de ensayos se conform\u00f3, a propuesta del Ministerio de Educaci\u00f3n de Naci\u00f3n, un ensamble con 120 m\u00fasicos y cantantes provenientes de Argentina, Brasil, Uruguay y Paraguay. En el auditorio de la Facultad de Derecho de la UBA, brindaron un emotivo espect\u00e1culo para dar cierre a la Reuni\u00f3n de Ministros de Educaci\u00f3n [&hellip;]<\/p>\n","protected":false},"author":1,"featured_media":22897,"comment_status":"closed","ping_status":"closed","sticky":false,"template":"","format":"standard","meta":{"footnotes":""},"categories":[6],"tags":[],"class_list":{"0":"post-22896","1":"post","2":"type-post","3":"status-publish","4":"format-standard","5":"has-post-thumbnail","7":"category-chaco"},"_links":{"self":[{"href":"https:\/\/chacosintesis.com.ar\/index.php\/wp-json\/wp\/v2\/posts\/22896","targetHints":{"allow":["GET"]}}],"collection":[{"href":"https:\/\/chacosintesis.com.ar\/index.php\/wp-json\/wp\/v2\/posts"}],"about":[{"href":"https:\/\/chacosintesis.com.ar\/index.php\/wp-json\/wp\/v2\/types\/post"}],"author":[{"embeddable":true,"href":"https:\/\/chacosintesis.com.ar\/index.php\/wp-json\/wp\/v2\/users\/1"}],"replies":[{"embeddable":true,"href":"https:\/\/chacosintesis.com.ar\/index.php\/wp-json\/wp\/v2\/comments?post=22896"}],"version-history":[{"count":0,"href":"https:\/\/chacosintesis.com.ar\/index.php\/wp-json\/wp\/v2\/posts\/22896\/revisions"}],"wp:featuredmedia":[{"embeddable":true,"href":"https:\/\/chacosintesis.com.ar\/index.php\/wp-json\/wp\/v2\/media\/22897"}],"wp:attachment":[{"href":"https:\/\/chacosintesis.com.ar\/index.php\/wp-json\/wp\/v2\/media?parent=22896"}],"wp:term":[{"taxonomy":"category","embeddable":true,"href":"https:\/\/chacosintesis.com.ar\/index.php\/wp-json\/wp\/v2\/categories?post=22896"},{"taxonomy":"post_tag","embeddable":true,"href":"https:\/\/chacosintesis.com.ar\/index.php\/wp-json\/wp\/v2\/tags?post=22896"}],"curies":[{"name":"wp","href":"https:\/\/api.w.org\/{rel}","templated":true}]}}