{"id":22882,"date":"2023-06-20T15:40:07","date_gmt":"2023-06-20T18:40:07","guid":{"rendered":"https:\/\/chacosintesis.com.ar\/?p=22882"},"modified":"2023-06-20T16:06:42","modified_gmt":"2023-06-20T19:06:42","slug":"para-la-tia-abuela-de-cecilia-los-objetos-hallados-quemados-son-de-ella","status":"publish","type":"post","link":"https:\/\/chacosintesis.com.ar\/index.php\/para-la-tia-abuela-de-cecilia-los-objetos-hallados-quemados-son-de-ella\/","title":{"rendered":"Para la t\u00eda abuela de Cecilia, los objetos hallados quemados son de ella"},"content":{"rendered":"<p>En declaraciones a Todo Noticias asegur\u00f3 que ya no tiene esperanzas de hallar a Cecilia, pero que quieren encontrar sus restos &#8220;para hacer el duelo&#8221; y &#8220;poder despedirla&#8221;.<br \/>\nLa t\u00eda abuela de Cecilia Strzyzowski, la joven desaparecida desde el 1 de junio en Resistencia, dijo este lunes que cree que los restos de una valija y de ropa, adem\u00e1s de dos anillos, que fueron hallados quemados en el barrio Emerenciano de la capital chaque\u00f1a, le pertenecen a su sobrina nieta.<br \/>\nSe trata de Mercedes, quien en la tarde de este lunes afirm\u00f3 en declaraciones a Todo Noticias que ya no tiene esperanzas de hallar a Cecilia (28), pero que quieren encontrar sus restos &#8220;para hacer el duelo&#8221; y &#8220;poder despedirla&#8221;.<br \/>\nLa jubilada cont\u00f3 que C\u00e9sar Sena (19), la pareja de la joven que est\u00e1 detenido por el caso, y Cecilia vivieron en su casa durante unos meses y mostr\u00f3 que todav\u00eda guardaba prendas de vestir de ambos.<br \/>\nEn ese sentido, Mercedes dijo que su sobrina nieta &#8220;se llev\u00f3 dos mudas de ropa&#8221; de color gris para su supuesto viaje a Ushuaia. &#8220;Le di mi valija negra. Se la prest\u00e9 porque ella no ten\u00eda. Era chiquita&#8221;, relat\u00f3 Mercedes, quien luego se refiri\u00f3 a los objetos hallados quemados, los cuales, aclar\u00f3, pudo observar a trav\u00e9s de im\u00e1genes en los medios de comunicaci\u00f3n.<br \/>\n&#8220;Por el tama\u00f1o es la valija que yo le di&#8221;, afirm\u00f3 la mujer y a\u00f1adi\u00f3 que tambi\u00e9n cree que el trozo de tela rosa que estaba con la valija encontrada pertenece a &#8220;un saco&#8221; de ese color que ten\u00eda su sobrina nieta.<br \/>\nConsultada sobre c\u00f3mo era la relaci\u00f3n de Sena hijo con Cecilia, coment\u00f3 que parec\u00eda &#8220;perfecta&#8221; pero que \u00e9l era un &#8220;gran actor&#8221;.<br \/>\n&#8220;\u00c9l dec\u00eda que sab\u00edan hacer desparecer a gente porque si no hay cuerpo no hay delito&#8221;, record\u00f3 que lo escuch\u00f3 decir durante un asado y que para ello simulaban que esa persona se &#8220;iba de viaje porque as\u00ed nadie la iba a buscar&#8221;.<br \/>\nY agreg\u00f3 que Sena hijo estaba siempre armado porque dec\u00eda que sufr\u00eda &#8220;persecuci\u00f3n pol\u00edtica&#8221;.<br \/>\nFuente: T\u00e9lam<br \/>\n<<a href=\"http:\/\/www.avg.com\/email-signature?utm_medium=email&#038;utm_source=link&#038;utm_campaign=sig-email&#038;utm_content=webmail\">www.avg.com\/email-signature?utm_medium=email&amp;utm_source=link&amp;utm_campaign=sig-email&amp;utm_content=webmail<\/a>> Libre de virus.www.avg.com <<a href=\"http:\/\/www.avg.com\/email-signature?utm_medium=email&#038;utm_source=link&#038;utm_campaign=sig-email&#038;utm_content=webmail\">www.avg.com\/email-signature?utm_medium=email&amp;utm_source=link&amp;utm_campaign=sig-email&amp;utm_content=webmail<\/a>> <#DAB4FAD8-2DD7-40BB-A1B8-4E2AA1F9FDF2><\/p>\n","protected":false},"excerpt":{"rendered":"<p>En declaraciones a Todo Noticias asegur\u00f3 que ya no tiene esperanzas de hallar a Cecilia, pero que quieren encontrar sus restos &#8220;para hacer el duelo&#8221; y &#8220;poder despedirla&#8221;. La t\u00eda abuela de Cecilia Strzyzowski, la joven desaparecida desde el 1 de junio en Resistencia, dijo este lunes que cree que los restos de una valija [&hellip;]<\/p>\n","protected":false},"author":1,"featured_media":22883,"comment_status":"closed","ping_status":"closed","sticky":false,"template":"","format":"standard","meta":{"footnotes":""},"categories":[6],"tags":[],"class_list":{"0":"post-22882","1":"post","2":"type-post","3":"status-publish","4":"format-standard","5":"has-post-thumbnail","7":"category-chaco"},"_links":{"self":[{"href":"https:\/\/chacosintesis.com.ar\/index.php\/wp-json\/wp\/v2\/posts\/22882","targetHints":{"allow":["GET"]}}],"collection":[{"href":"https:\/\/chacosintesis.com.ar\/index.php\/wp-json\/wp\/v2\/posts"}],"about":[{"href":"https:\/\/chacosintesis.com.ar\/index.php\/wp-json\/wp\/v2\/types\/post"}],"author":[{"embeddable":true,"href":"https:\/\/chacosintesis.com.ar\/index.php\/wp-json\/wp\/v2\/users\/1"}],"replies":[{"embeddable":true,"href":"https:\/\/chacosintesis.com.ar\/index.php\/wp-json\/wp\/v2\/comments?post=22882"}],"version-history":[{"count":0,"href":"https:\/\/chacosintesis.com.ar\/index.php\/wp-json\/wp\/v2\/posts\/22882\/revisions"}],"wp:featuredmedia":[{"embeddable":true,"href":"https:\/\/chacosintesis.com.ar\/index.php\/wp-json\/wp\/v2\/media\/22883"}],"wp:attachment":[{"href":"https:\/\/chacosintesis.com.ar\/index.php\/wp-json\/wp\/v2\/media?parent=22882"}],"wp:term":[{"taxonomy":"category","embeddable":true,"href":"https:\/\/chacosintesis.com.ar\/index.php\/wp-json\/wp\/v2\/categories?post=22882"},{"taxonomy":"post_tag","embeddable":true,"href":"https:\/\/chacosintesis.com.ar\/index.php\/wp-json\/wp\/v2\/tags?post=22882"}],"curies":[{"name":"wp","href":"https:\/\/api.w.org\/{rel}","templated":true}]}}