{"id":22879,"date":"2023-06-19T20:03:34","date_gmt":"2023-06-19T23:03:34","guid":{"rendered":"https:\/\/chacosintesis.com.ar\/?p=22879"},"modified":"2023-06-19T20:06:37","modified_gmt":"2023-06-19T23:06:37","slug":"gloria-romero-no-quiero-venganza-quiero-justicia-y-que-nadie-me-use-para-ninguna-campana","status":"publish","type":"post","link":"https:\/\/chacosintesis.com.ar\/index.php\/gloria-romero-no-quiero-venganza-quiero-justicia-y-que-nadie-me-use-para-ninguna-campana\/","title":{"rendered":"Gloria Romero: \u201cNo quiero venganza, quiero justicia y que nadie me use para ninguna campa\u00f1a\u201d"},"content":{"rendered":"<p>La madre de la joven y familiares, encabezaron una nueva convocatoria en la Plaza 25 de Mayo, para recordarla con globos rosados, su color preferido. Un nuevo pedido de justicia se hizo grito, y se sumaron madres y familias de otros casos de violencia y femicidios de todo el pa\u00eds. El 1 de junio fue la \u00faltima vez que vieron con vida a Cecilia.<\/p>\n<p>De nuevo un grito unific\u00f3 cientos de voces: \u201cJusticia\u201d. Una nueva marcha, esta vez para recordar a Cecilia Strzyzowski, se realiz\u00f3 este lunes 19 de junio \u2013feriado- en la Plaza 25 de Mayo de Resistencia, convocada por su madre, Gloria Romero. \u201cNo soy vengativa, quiero justicia y no quiero que nadie me use para sus campa\u00f1as\u201d, dijo la mujer.<br \/>\nEsta vez la premisa fue recordar a su hija a partir de \u201ccosas que a ella le gustaban, como globos color rosa\u201d, seg\u00fan la invitaci\u00f3n a sumarse a esta convocatoria. La marcha anterior, multitudinaria, hab\u00eda sido el pasado mi\u00e9rcoles en este mismo lugar.<br \/>\n\u201cRecordarla como era, una chica alegre y pac\u00edfica\u201d, fue la consigna, y por eso, quienes acompa\u00f1aron hoy a Gloria llevaron globos y cintas color rosa, fotos de la joven desaparecida desde el 1 de junio, carteles y banderas argentinas.<br \/>\nHoy fue nuevamente masiva la presencia de mujeres y hombres de todas las edades. Los carteles, de nuevo, con las leyendas predominantes \u201cD\u00f3nde est\u00e1 Cecilia\u201d. \u201cFalta Cecilia\u201d y \u201cJusticia por Cecilia\u201d.<br \/>\nEn esta marcha, hubo una pantalla gigante donde pasaron im\u00e1genes de la joven, que ten\u00eda como una de sus grandes pasiones la danza. Tambi\u00e9n all\u00ed se proyectaron mensajes de madres y familiares de v\u00edctimas de femicidios de todo el pa\u00eds, que sumaron su apoyo a la madre de Cecilia y pidieron terminar con la violencia hacia las mujeres. Luego de escuchar la palabra de Gloria y otros testimonios, caminaron alrededor de la plaza.<br \/>\nAl dirigirse a la gente presente, la madre de Cecilia dijo: \u201cSabemos que la justicia no es independiente ac\u00e1, y deja mucho que desear. Esto no pasa s\u00f3lo ac\u00e1, pasa en todo el pa\u00eds, en cada provincia pasa lo mismo. Tenemos que terminar con la impunidad, con ese poder desmedido que tienen algunos y al cual se acomodan\u201d.<br \/>\n Luego, cont\u00f3 su experiencia al ir a votar el domingo en las PASO provinciales: \u201cQuisieron abrirme paso (en la mesa de votaci\u00f3n) y les dije que no. No empecemos con los privilegios, porque si nos creemos intocables, pasa lo que pas\u00f3 con Cecilia. Hice la fila como una vecina m\u00e1s. \u00bfQui\u00e9n era yo para ir a meterme ah\u00ed adelante si hab\u00eda gente esperando desde m\u00e1s temprano? As\u00ed empieza, porque te sent\u00eds importante. Entonces empez\u00e1s a pisotear el derecho de otro. Yo soy una vecina m\u00e1s\u201d.<br \/>\nEn su mensaje, la mujer insisti\u00f3 en que estas marchas \u201csean diferentes\u201d. \u201cS\u00e9 que hay indignaci\u00f3n, mucha bronca. Pero Gandhi hizo la diferencia pac\u00edficamente. Entonces, lo que ellos ensucien, nosotros limpiamos; lo que ellos destruyan, nosotros arreglamos. Hagamos una manifestaci\u00f3n al estilo japon\u00e9s. Demos el ejemplo de educaci\u00f3n y respeto. No cortemos porque s\u00ed las calles. Hoy es feriado, pero me gustar\u00eda que las marchas sean en un lugar sin cortar el tr\u00e1nsito\u201d, inst\u00f3.<\/p>\n<p>En ese esfuerzo por diferenciarse, Gloria explic\u00f3 que \u201cno cambia nada ir a gritar (frente) a la comisar\u00eda\u201d donde est\u00e1n presos Emerenciano Sena y Marcela Acu\u00f1a, dos de los siete detenidos en la causa. \u201cA un psic\u00f3pata, le gusta escuchar gritar su nombre. Aunque sea por odio, le gusta. Lo mejor que podemos hacer a una persona que nos ataca es la indiferencia. Por eso, as\u00ed como borraron a mi hija, quiero que borremos el nombre de esta gente de Resistencia. Todos los muros que est\u00e1n sucios con sus nombres, vamos a limpiarlos. Vamos a sacar la mugre de ac\u00e1\u201d.<br \/>\nTambi\u00e9n, Gloria resalt\u00f3: \u201cNo soy vengativa, yo quiero justicia. El ojo por ojo deja ciego al mundo, as\u00ed que quiero justicia, no venganza. No quiero que nadie me use para sus campa\u00f1as\u201d.<br \/>\n\u201cMe gust\u00f3 mucho que el domingo me mostraran que est\u00e1n conmigo. Vamos a ver en septiembre\u201d, sostuvo en una de las \u00faltimas partes de su mensaje.<br \/>\nIgual que en la marcha anterior, Gloria Romero estuvo acompa\u00f1ada por madres y familias del dolor, con casos que no tuvieron la repercusi\u00f3n en la provincia como en esta ocasi\u00f3n con Cecilia.<br \/>\n\u201cCuando no te entregan el cuerpo, cuando no te dicen d\u00f3nde est\u00e1, siempre lo vas a estar buscando. Es la \u00fanica forma de cerrar. Y eso parece que la justicia no lo entiende, es muy lenta\u201d, dijo Gloria tras el relato de una de esas madres del dolor que cont\u00f3 la historia de su hijo desaparecido.<\/p>\n<p>\u201cLa bronca y la impotencia me impulsan a seguir\u201d<\/p>\n<p>Apenas pasadas las 16,30, Gloria lleg\u00f3 junto a su familia a la zona del m\u00e1stil mayor de la principal plaza de Resistencia, en avenida 9 de Julio y Frondizi. \u201cEs una alegr\u00eda, dentro del dolor\u201d, dijo la mujer al referirse a una convocatoria numerosa que nuevamente la acompa\u00f1\u00f3. \u201cMe da una sensaci\u00f3n de protecci\u00f3n la gente acompa\u00f1\u00e1ndome\u201d, agreg\u00f3.<br \/>\n\u201cNo creo en la justicia\u201d, asegur\u00f3 la madre de Cecilia, quien dijo adem\u00e1s que no mantiene \u201cninguna esperanza\u201d de hallarla con vida.<br \/>\n Luego resalt\u00f3: \u201cLo m\u00e1s triste de todo es que esto tuvo m\u00e1s repercusi\u00f3n por el clan Sena que porque mataron a mi hija\u201d. \u201cMucha gente ya sab\u00eda lo que eran los Sena. Yo viv\u00eda en un termo, y no ten\u00eda dimensi\u00f3n de lo que eran\u201d, agreg\u00f3.<br \/>\n\u201cEstoy dispuesta a todo. La bronca y la impotencia me impulsan a seguir\u201d, cerr\u00f3 Gloria.<\/p>\n","protected":false},"excerpt":{"rendered":"<p>La madre de la joven y familiares, encabezaron una nueva convocatoria en la Plaza 25 de Mayo, para recordarla con globos rosados, su color preferido. Un nuevo pedido de justicia se hizo grito, y se sumaron madres y familias de otros casos de violencia y femicidios de todo el pa\u00eds. El 1 de junio fue [&hellip;]<\/p>\n","protected":false},"author":1,"featured_media":22880,"comment_status":"closed","ping_status":"closed","sticky":false,"template":"","format":"standard","meta":{"footnotes":""},"categories":[6],"tags":[197],"class_list":{"0":"post-22879","1":"post","2":"type-post","3":"status-publish","4":"format-standard","5":"has-post-thumbnail","7":"category-chaco","8":"tag-destacada"},"_links":{"self":[{"href":"https:\/\/chacosintesis.com.ar\/index.php\/wp-json\/wp\/v2\/posts\/22879","targetHints":{"allow":["GET"]}}],"collection":[{"href":"https:\/\/chacosintesis.com.ar\/index.php\/wp-json\/wp\/v2\/posts"}],"about":[{"href":"https:\/\/chacosintesis.com.ar\/index.php\/wp-json\/wp\/v2\/types\/post"}],"author":[{"embeddable":true,"href":"https:\/\/chacosintesis.com.ar\/index.php\/wp-json\/wp\/v2\/users\/1"}],"replies":[{"embeddable":true,"href":"https:\/\/chacosintesis.com.ar\/index.php\/wp-json\/wp\/v2\/comments?post=22879"}],"version-history":[{"count":0,"href":"https:\/\/chacosintesis.com.ar\/index.php\/wp-json\/wp\/v2\/posts\/22879\/revisions"}],"wp:featuredmedia":[{"embeddable":true,"href":"https:\/\/chacosintesis.com.ar\/index.php\/wp-json\/wp\/v2\/media\/22880"}],"wp:attachment":[{"href":"https:\/\/chacosintesis.com.ar\/index.php\/wp-json\/wp\/v2\/media?parent=22879"}],"wp:term":[{"taxonomy":"category","embeddable":true,"href":"https:\/\/chacosintesis.com.ar\/index.php\/wp-json\/wp\/v2\/categories?post=22879"},{"taxonomy":"post_tag","embeddable":true,"href":"https:\/\/chacosintesis.com.ar\/index.php\/wp-json\/wp\/v2\/tags?post=22879"}],"curies":[{"name":"wp","href":"https:\/\/api.w.org\/{rel}","templated":true}]}}