{"id":22877,"date":"2023-06-19T17:28:30","date_gmt":"2023-06-19T20:28:30","guid":{"rendered":"https:\/\/chacosintesis.com.ar\/?p=22877"},"modified":"2023-06-19T17:37:10","modified_gmt":"2023-06-19T20:37:10","slug":"paso-2023-como-sera-la-vuelta-a-clases-despues-de-las-elecciones","status":"publish","type":"post","link":"https:\/\/chacosintesis.com.ar\/index.php\/paso-2023-como-sera-la-vuelta-a-clases-despues-de-las-elecciones\/","title":{"rendered":"PASO 2023: \u00bfC\u00f3mo ser\u00e1 la vuelta a clases despu\u00e9s de las elecciones?"},"content":{"rendered":"<p>El titular de la cartera educativa, Aldo Lineras, puntualiz\u00f3 que el mi\u00e9rcoles no habr\u00e1 clases en las escuelas afectadas a los comicios que tengan jornada completa. Para las que cuentan con jornada simple, s\u00f3lo se suprimir\u00e1 el turno de la ma\u00f1ana. Adem\u00e1s, invit\u00f3 a participar de los actos previstos para el martes, fecha en la que se conmemora el D\u00eda de la Bandera.<\/p>\n<p>Despu\u00e9s de una intensa jornada en la que se realizaron las elecciones Primarias, Abiertas, Simult\u00e1neas y Obligatorias (PASO) en la provincia, el ministro de Educaci\u00f3n, Aldo Lineras, destac\u00f3 la respuesta brindada por la estructura aportada por la cartera que conduce, con 370 establecimientos en los que se registraron algunos inconvenientes puntuales y menores. En general \u201cestas dificultades estuvieron  vinculadas al suministro el\u00e9ctrico y los sanitarios\u201d, pero fueron resueltas r\u00e1pidamente, apunt\u00f3 el ministro en declaraciones a Chaco TV. En este sentido, Lineras detall\u00f3 c\u00f3mo ser\u00e1 la vuelta a clases, en un fin de semana particular marcado por el feriado del 20 de Junio y el d\u00eda no laborable con fines tur\u00edsticos. Puntualmente, en las escuelas que cuentan con jornada simple, s\u00f3lo se suprimir\u00e1 el turno de la ma\u00f1ana; es decir, las actividades ser\u00e1n normales a partir del mi\u00e9rcoles por la tarde.<br \/>\nEn cambio, en aquellos establecimientos donde se desarrollan jornadas completas, no se dictar\u00e1n clases durante toda la jornada.<br \/>\nM\u00e1s all\u00e1 de esta cuesti\u00f3n, el ministro de Educaci\u00f3n invit\u00f3 a la comunidad educativa a asistir a los actos previstos para el martes, cuando se conmemorar\u00e1 el D\u00eda de la Bandera. \u201cEsto lo vamos a hacer en todos los establecimientos, para lo cual hay algunos dispositivos preparados; mientras que el acto central tendr\u00e1 lugar en localidad de Ciervo Petiso, donde vamos a acompa\u00f1ar a nuestro gobernador Jorge Capitanich\u201d, anticip\u00f3.<\/p>\n","protected":false},"excerpt":{"rendered":"<p>El titular de la cartera educativa, Aldo Lineras, puntualiz\u00f3 que el mi\u00e9rcoles no habr\u00e1 clases en las escuelas afectadas a los comicios que tengan jornada completa. Para las que cuentan con jornada simple, s\u00f3lo se suprimir\u00e1 el turno de la ma\u00f1ana. Adem\u00e1s, invit\u00f3 a participar de los actos previstos para el martes, fecha en la [&hellip;]<\/p>\n","protected":false},"author":1,"featured_media":22878,"comment_status":"closed","ping_status":"closed","sticky":false,"template":"","format":"standard","meta":{"footnotes":""},"categories":[6],"tags":[],"class_list":{"0":"post-22877","1":"post","2":"type-post","3":"status-publish","4":"format-standard","5":"has-post-thumbnail","7":"category-chaco"},"_links":{"self":[{"href":"https:\/\/chacosintesis.com.ar\/index.php\/wp-json\/wp\/v2\/posts\/22877","targetHints":{"allow":["GET"]}}],"collection":[{"href":"https:\/\/chacosintesis.com.ar\/index.php\/wp-json\/wp\/v2\/posts"}],"about":[{"href":"https:\/\/chacosintesis.com.ar\/index.php\/wp-json\/wp\/v2\/types\/post"}],"author":[{"embeddable":true,"href":"https:\/\/chacosintesis.com.ar\/index.php\/wp-json\/wp\/v2\/users\/1"}],"replies":[{"embeddable":true,"href":"https:\/\/chacosintesis.com.ar\/index.php\/wp-json\/wp\/v2\/comments?post=22877"}],"version-history":[{"count":0,"href":"https:\/\/chacosintesis.com.ar\/index.php\/wp-json\/wp\/v2\/posts\/22877\/revisions"}],"wp:featuredmedia":[{"embeddable":true,"href":"https:\/\/chacosintesis.com.ar\/index.php\/wp-json\/wp\/v2\/media\/22878"}],"wp:attachment":[{"href":"https:\/\/chacosintesis.com.ar\/index.php\/wp-json\/wp\/v2\/media?parent=22877"}],"wp:term":[{"taxonomy":"category","embeddable":true,"href":"https:\/\/chacosintesis.com.ar\/index.php\/wp-json\/wp\/v2\/categories?post=22877"},{"taxonomy":"post_tag","embeddable":true,"href":"https:\/\/chacosintesis.com.ar\/index.php\/wp-json\/wp\/v2\/tags?post=22877"}],"curies":[{"name":"wp","href":"https:\/\/api.w.org\/{rel}","templated":true}]}}