{"id":22873,"date":"2023-06-19T10:40:15","date_gmt":"2023-06-19T13:40:15","guid":{"rendered":"https:\/\/chacosintesis.com.ar\/?p=22873"},"modified":"2023-06-19T11:07:02","modified_gmt":"2023-06-19T14:07:02","slug":"la-oposicion-se-adjudico-el-triunfo-capitanich-redoblara-esfuerzos-y-el-cer-se-ubico-como-tercera-fuerza","status":"publish","type":"post","link":"https:\/\/chacosintesis.com.ar\/index.php\/la-oposicion-se-adjudico-el-triunfo-capitanich-redoblara-esfuerzos-y-el-cer-se-ubico-como-tercera-fuerza\/","title":{"rendered":"La oposici\u00f3n se adjudic\u00f3 el triunfo, Capitanich redoblar\u00e1 esfuerzos y el CER se ubic\u00f3 como tercera fuerza"},"content":{"rendered":"<p>Con un lento escrutinio y cerca del 60% de mesas escrutadas, Juntos por el Cambio venci\u00f3 al Frente Chaque\u00f1o con una diferencia del 4%. Gustavo Mart\u00ednez y su espacio lograron el 7%.<br \/>\n El gobernador Jorge Capitanich y su alianza Frente Chaque\u00f1o finalmente fue derrotado en las elecciones Primarias. La oposici\u00f3n, marcada por la interna entre los radicales Leandro Zdero y Juan Carlos Polini, obtuvo m\u00e1s del 44% de los votos con un escrutinio superior al 51% y gener\u00f3 una tendencia irreversible. El CER de Gustavo Mart\u00ednez, cuyo objetivo era consolidarse como tercera fuerza, logr\u00f3 su cometido y desplaz\u00f3 al Frente Integrador.<\/p>\n<p>La jornada electoral se llev\u00f3 a cabo sin incidentes y con total normalidad, informaron desde el Tribunal Electoral. La participaci\u00f3n electoral, que fue baja pero a su vez normal acorde a los n\u00fameros que hist\u00f3ricamente manejan las Primarias, fue del 52%.<br \/>\nCerca de la medianoche, y con un lento escrutinio, Juntos por el Cambio dio vuelta las primeras tendencias y super\u00f3 al Frente Chaque\u00f1o a pesar de que todav\u00eda no fueron computados la mayor\u00eda de los votos en la capital y muchas otras localidades.<br \/>\n Capitanich dio por finalizada la jornada electoral cerca de las 23. Desde su bunker en la sede del Partido Justicialista, el gobernador que buscar\u00e1 en las generales su cuarto mandato agradeci\u00f3 a la militancia toda y afirm\u00f3 que redoblar\u00e1n esfuerzos de cara al 17 de septiembre. En su discurso, afirm\u00f3 sentirse injuriado por las cr\u00edticas recibidas en las \u00faltimas semanas a causa de la conmoci\u00f3n generada por el femicidio de Cecilia Strzyzowski. El gobernador fue el candidato m\u00e1s votado a nivel individual.<br \/>\nEn Juntos por el Cambio, las miradas estaban puestas en la puja interna entre los radicales Zdero y Polini. El l\u00edder de SUMAR hizo notar su amplia diferencia en Resistencia y reluci\u00f3 haber sacado m\u00e1s del doble de los votos que su ex compa\u00f1ero de f\u00f3rmula.<br \/>\nPor su lado, Juan Carlos Polini, aliado de \u00c1ngel Rozas y a nivel nacional de Gerardo Morales, hizo una buena elecci\u00f3n en el interior provincial pero no le alcanz\u00f3 para quedarse con el puesto de candidato a gobernador en la lista oficial de la oposici\u00f3n que competir\u00e1 en las generales. En un gesto de amistad, el dugratense fue hasta el b\u00fanker de Zdero y entre ambos compartieron un escenario de aplausos luego de que ambos reconozcan el veredicto de sus resultados.<br \/>\nCER<br \/>\nEl intendente Gustavo Mart\u00ednez hizo una buena elecci\u00f3n para el objetivo que ten\u00eda planificado. Desde hace meses, Mart\u00ednez repiti\u00f3 que ser\u00eda dif\u00edcil ganarle a Juntos por el Cambio o al Frente Chaque\u00f1o debido a la antig\u00fcedad de estos. Sin embargo, ratific\u00f3 en varias ocasiones que al ser la primera lucha electoral del CER, el deseo era convertirse en la tercera fuerza pol\u00edtica para que en el futuro existan posibilidades m\u00e1s rotundas de llegar con partido propio a la gobernaci\u00f3n.<br \/>\nDe esta manera, el CER en la provincia obtuvo alrededor del 7% de los votos. En Resistencia, la &#8220;casa&#8221; del espacio, consiguieron cerca del 15%. Este n\u00famero se ubic\u00f3 tan solo a seis puntos de lo logrado por el oficialismo de Capitanich.<br \/>\nFRENTE INTEGRADOR<br \/>\nLa alianza conducida por Juan Carlos Bacileff Ivanoff no consigui\u00f3 mantener su poder\u00edo como tercera fuerza. En la provincia consiguieron cerca del 3,50% de votos totales y en las localidades del interior tampoco lograron volcar una amplia diferencia.<br \/>\nEn caso de que no logren remontar los resultados en las generales, deber\u00e1n despedirse de sus dos bancas en Diputados y cederlas al CER de Mart\u00ednez y \u00c9lida Cuesta.<br \/>\nLIBERTARIOS<br \/>\nEl ala liberal, que lleg\u00f3 a las urnas representados por dos partidos distintos, no encontr\u00f3 representaci\u00f3n en la provincia y, entre ambos espacios (La Libertad Avanza, que responde a Milei, y Libertarios en Acci\u00f3n) sumaron cerca del 4%. El mayor caudal de votos para los dos contrincantes estuvo en Resistencia.<br \/>\nUNIDOS POR LA GENTE Y PARTIDO OBRERO<br \/>\nSon los dos partidos que menos cantidad de votos han logrado. La propuesta de Unidos fue presentada por Domingo Peppo, y alcanz\u00f3 en la provincia apenas el 1,70% de los votos. El Partido Obrero, que desde hace rato ya no maneja el poder\u00edo electoral que llev\u00f3 al espacio a disputar bancas en Diputados, roza el 1%.<\/p>\n<p> DIARIO CHACO.-<\/p>\n","protected":false},"excerpt":{"rendered":"<p>Con un lento escrutinio y cerca del 60% de mesas escrutadas, Juntos por el Cambio venci\u00f3 al Frente Chaque\u00f1o con una diferencia del 4%. Gustavo Mart\u00ednez y su espacio lograron el 7%. El gobernador Jorge Capitanich y su alianza Frente Chaque\u00f1o finalmente fue derrotado en las elecciones Primarias. La oposici\u00f3n, marcada por la interna entre [&hellip;]<\/p>\n","protected":false},"author":1,"featured_media":22874,"comment_status":"closed","ping_status":"closed","sticky":false,"template":"","format":"standard","meta":{"footnotes":""},"categories":[6],"tags":[197],"class_list":{"0":"post-22873","1":"post","2":"type-post","3":"status-publish","4":"format-standard","5":"has-post-thumbnail","7":"category-chaco","8":"tag-destacada"},"_links":{"self":[{"href":"https:\/\/chacosintesis.com.ar\/index.php\/wp-json\/wp\/v2\/posts\/22873","targetHints":{"allow":["GET"]}}],"collection":[{"href":"https:\/\/chacosintesis.com.ar\/index.php\/wp-json\/wp\/v2\/posts"}],"about":[{"href":"https:\/\/chacosintesis.com.ar\/index.php\/wp-json\/wp\/v2\/types\/post"}],"author":[{"embeddable":true,"href":"https:\/\/chacosintesis.com.ar\/index.php\/wp-json\/wp\/v2\/users\/1"}],"replies":[{"embeddable":true,"href":"https:\/\/chacosintesis.com.ar\/index.php\/wp-json\/wp\/v2\/comments?post=22873"}],"version-history":[{"count":0,"href":"https:\/\/chacosintesis.com.ar\/index.php\/wp-json\/wp\/v2\/posts\/22873\/revisions"}],"wp:featuredmedia":[{"embeddable":true,"href":"https:\/\/chacosintesis.com.ar\/index.php\/wp-json\/wp\/v2\/media\/22874"}],"wp:attachment":[{"href":"https:\/\/chacosintesis.com.ar\/index.php\/wp-json\/wp\/v2\/media?parent=22873"}],"wp:term":[{"taxonomy":"category","embeddable":true,"href":"https:\/\/chacosintesis.com.ar\/index.php\/wp-json\/wp\/v2\/categories?post=22873"},{"taxonomy":"post_tag","embeddable":true,"href":"https:\/\/chacosintesis.com.ar\/index.php\/wp-json\/wp\/v2\/tags?post=22873"}],"curies":[{"name":"wp","href":"https:\/\/api.w.org\/{rel}","templated":true}]}}