{"id":22871,"date":"2023-06-19T10:16:59","date_gmt":"2023-06-19T13:16:59","guid":{"rendered":"https:\/\/chacosintesis.com.ar\/?p=22871"},"modified":"2023-06-19T10:36:48","modified_gmt":"2023-06-19T13:36:48","slug":"cada-eleccion-es-un-mensaje-que-debera-ser-valorado-y-ponderado-en-el-sentido-de-trabajar-para-mejorar","status":"publish","type":"post","link":"https:\/\/chacosintesis.com.ar\/index.php\/cada-eleccion-es-un-mensaje-que-debera-ser-valorado-y-ponderado-en-el-sentido-de-trabajar-para-mejorar\/","title":{"rendered":"\u201cCada elecci\u00f3n es un mensaje, que deber\u00e1 ser valorado y ponderado en el sentido de trabajar para mejorar\u201d"},"content":{"rendered":"<p>Conferencia de prensa del gobernador junto a la vicegobernadora Anal\u00eda Rach Quiroga y los candidatos a legisladores Santiago P\u00e9rez Pons y Mar\u00eda P\u00eda Chiacchio Cavana.<\/p>\n<p>Pasadas las 23 horas de este domingo 18 de junio, el gobernador Jorge Capitanich hizo un balance de las elecciones PASO en la provincia y asegur\u00f3 que la lista del Frente Chaque\u00f1o que encabez\u00f3 junto a Anal\u00eda Rach Quiroga fue la m\u00e1s votada \u201ca nivel individual\u201d, record\u00f3 que result\u00f3 triunfador en todas las internas partidarias en la que particip\u00f3 y que resta por conocer el resultado provisorio sumando a los dos candidatos opositores m\u00e1s votados. \u201cEn virtud de que el escrutinio provisorio se extiende temporalmente, entendemos claramente desde el punto de vista del Frente Chaque\u00f1o que nuestras precandidaturas a gobernador y vicegobernadora est\u00e1 absolutamente definida con m\u00e1s del 99,6% de los votos\u201d, dijo al arrancar la conferencia de prensa en la sede del PJ chaque\u00f1o.<br \/>\nJunto a la vicegobernadora Anal\u00eda Rach Quiroga y a los ahora candidatos a legisladores provinciales, Santiago P\u00e9rez Pons y Mar\u00eda P\u00eda Chiacchio Cavana, el mandatario provincial record\u00f3 que \u2013\u201ccomo viene ocurriendo hist\u00f3ricamente\u201d, desde el a\u00f1o 1999 \u201che ganado todas las internas y primarias, de manera tal que \u00e9sta no ha sido la excepci\u00f3n\u201d. A su vez, junto con Anal\u00eda Rach Quiroga, \u201cfuimos la lista m\u00e1s votada y aqu\u00ed tenemos la lista de diputados con Santiago y P\u00eda que fue la m\u00e1s votada dentro de la Primaria\u201d.<br \/>\nEn ese contexto, transmiti\u00f3 respecto a listas individuales, \u201cduplicamos el n\u00famero de votos a la que efectivamente nos sigue desde el punto de vista de Juntos por el Cambio\u201d. \u201cRespecto al dato final, no podemos exactamente a ciencia cierta cu\u00e1l va a ser la proyecci\u00f3n final, si se suman los dos precandidatos de Juntos por el Cambio. Pero esa es la \u00fanica cuesti\u00f3n a dirimir\u201d, destac\u00f3 Capitanich.<br \/>\nDel mismo modo, asegur\u00f3 que \u201chay muchas impugnaciones, que van a tener que ser resueltas en el escrutinio definitivo por el Tribunal Electoral\u201d. \u201cPero lo importante es que la democracia en la provincia del Chaco se fortalece con cada elecci\u00f3n, con la participaci\u00f3n de toda la ciudadan\u00eda, as\u00ed que quiero transmitir, un c\u00e1lido, afectuoso saludo y un gran reconocimiento a todos nuestros votantes y a nuestros oponentes pol\u00edticos\u201d, dijo.<br \/>\nUn mensaje<br \/>\n\u201cCada elecci\u00f3n es un mensaje, que deber\u00e1 ser valorado y ponderado de nuestra parte en el sentido de trabajar para mejorar. Cuando exista una competencia electoral sana, en donde efectivamente las mejores propuestas se lleven adelante para mejorar la calidad de vida del pueblo chaque\u00f1o, el pueblo tiene que elegir libremente, Eso es lo que hacemos siempre, eso es lo que hicimos siempre y eso es lo que haremos siempre\u201d, destac\u00f3 Capitanich durante la rueda de prensa.<br \/>\nEs decir, \u201crespetar la voluntad del pueblo de la provincia de Chaco, respetar la voluntad del electorado y a su vez tambi\u00e9n trabajar con lo que sea necesario para seguir haciendo\u201d. \u201cEl pueblo chaque\u00f1o sabe que conmigo y con todo nuestro equipo cuenta con personas con vocaci\u00f3n de servicio para construir nunca para destruir. Que aceptamos siempre las cr\u00edticas de buen modo, hemos sido atacados e injuriados de una manera muy doliente, pero son las cicatrices de la pol\u00edtica, pero que tambi\u00e9n nos obliga a repensar una perspectiva de la democracia pluralista, en donde la libertad de expresi\u00f3n debe existir, pero no los sistemas de agresiones permanentes porque eso no es constructivo ni para la democracia ni para la sociedad\u201d, concluy\u00f3 Capitanich.<br \/>\nY cerr\u00f3: \u201cNosotros somos personas de carne y hueso, que tenemos familia, que cuando nos atacan y nos agreden, nos afectan. Pero as\u00ed como tenemos un coraz\u00f3n grande para entender y consternarnos con el dolor ajeno, tambi\u00e9n con nosotros tienen que tener cierta consternaci\u00f3n por el da\u00f1o que provoca. Porque nada es gratis en la vida y nosotros sabemos muy bien c\u00f3mo sufre nuestra familia con los ataques agraviantes, las injurias, las calumnias y cuando pretenden transformar la mentira en verdad\u201d.<br \/>\n\u201cA partir de ahora nosotros vamos a seguir trabajando con mucha m\u00e1s \u00e9nfasis para lograr que el pr\u00f3ximo 17 de septiembre el pueblo de la provincia del Chaco nos ratifique la confianza por otro mandato constitucional. Vamos a trabajar con mucha sensibilidad, con mucha cercan\u00eda. Y quiero transmitir mis c\u00e1lidas y afectuosas felicitaciones a todos los precandidatos de todas las listas que van a participar\u201d, finaliz\u00f3 el gobernador del Chaco.<\/p>\n","protected":false},"excerpt":{"rendered":"<p>Conferencia de prensa del gobernador junto a la vicegobernadora Anal\u00eda Rach Quiroga y los candidatos a legisladores Santiago P\u00e9rez Pons y Mar\u00eda P\u00eda Chiacchio Cavana. Pasadas las 23 horas de este domingo 18 de junio, el gobernador Jorge Capitanich hizo un balance de las elecciones PASO en la provincia y asegur\u00f3 que la lista del [&hellip;]<\/p>\n","protected":false},"author":1,"featured_media":22872,"comment_status":"closed","ping_status":"closed","sticky":false,"template":"","format":"standard","meta":{"footnotes":""},"categories":[6],"tags":[197],"class_list":{"0":"post-22871","1":"post","2":"type-post","3":"status-publish","4":"format-standard","5":"has-post-thumbnail","7":"category-chaco","8":"tag-destacada"},"_links":{"self":[{"href":"https:\/\/chacosintesis.com.ar\/index.php\/wp-json\/wp\/v2\/posts\/22871","targetHints":{"allow":["GET"]}}],"collection":[{"href":"https:\/\/chacosintesis.com.ar\/index.php\/wp-json\/wp\/v2\/posts"}],"about":[{"href":"https:\/\/chacosintesis.com.ar\/index.php\/wp-json\/wp\/v2\/types\/post"}],"author":[{"embeddable":true,"href":"https:\/\/chacosintesis.com.ar\/index.php\/wp-json\/wp\/v2\/users\/1"}],"replies":[{"embeddable":true,"href":"https:\/\/chacosintesis.com.ar\/index.php\/wp-json\/wp\/v2\/comments?post=22871"}],"version-history":[{"count":0,"href":"https:\/\/chacosintesis.com.ar\/index.php\/wp-json\/wp\/v2\/posts\/22871\/revisions"}],"wp:featuredmedia":[{"embeddable":true,"href":"https:\/\/chacosintesis.com.ar\/index.php\/wp-json\/wp\/v2\/media\/22872"}],"wp:attachment":[{"href":"https:\/\/chacosintesis.com.ar\/index.php\/wp-json\/wp\/v2\/media?parent=22871"}],"wp:term":[{"taxonomy":"category","embeddable":true,"href":"https:\/\/chacosintesis.com.ar\/index.php\/wp-json\/wp\/v2\/categories?post=22871"},{"taxonomy":"post_tag","embeddable":true,"href":"https:\/\/chacosintesis.com.ar\/index.php\/wp-json\/wp\/v2\/tags?post=22871"}],"curies":[{"name":"wp","href":"https:\/\/api.w.org\/{rel}","templated":true}]}}