{"id":22869,"date":"2023-06-18T10:27:34","date_gmt":"2023-06-18T13:27:34","guid":{"rendered":"https:\/\/chacosintesis.com.ar\/?p=22869"},"modified":"2023-06-18T10:33:22","modified_gmt":"2023-06-18T13:33:22","slug":"chaco-vota-en-las-paso-con-ocho-frentes-electorales-que-compiten-en-la-provincia","status":"publish","type":"post","link":"https:\/\/chacosintesis.com.ar\/index.php\/chaco-vota-en-las-paso-con-ocho-frentes-electorales-que-compiten-en-la-provincia\/","title":{"rendered":"Chaco vota en las PASO con ocho frentes electorales que compiten en la provincia"},"content":{"rendered":"<p>Las PASO que se celebran este domingo una llamativa particularidad formal: son 1710 los modelos de boleta que poblar\u00e1n las mesas de las escuelas y lugares de votaci\u00f3n a lo largo de toda la provincia, todo un r\u00e9cord que se intensifica en peque\u00f1as poblaciones como Colonia Aborigen, donde los vecinos tendr\u00e1n la misma cantidad de boletas para elegir que los de Resistencia: 57.<\/p>\n<p>Las primarias chaque\u00f1as dirimir\u00e1n qui\u00e9nes ser\u00e1n los candidatos a gobernador y vicegobernador, intendentes y concejales de todos los municipios, y 16 diputados provinciales y sus respectivos suplentes. Son diez las f\u00f3rmulas a gobernador y vice que se presentan, con m\u00faltiples combinaciones de adhesiones. Una n\u00f3mina de diputados de 601 personas distribuidas en 25 listas, 541 precandidatos a intendentes y 6650 postulantes a concejales, en 165 listas. Entre todos los nombres de precandidatos, suman m\u00e1s de 7800.<br \/>\nEl actual gobernador va por su reelecci\u00f3n junto a la actual vice, Anal\u00eda Rach Quiroga. La coalici\u00f3n del Frente Chaque\u00f1o sum\u00f3 28 partidos pol\u00edticos y la adhesi\u00f3n de 50 agrupaciones de toda la provincia.<br \/>\nNo pudo, sin embargo, mantener unidas a las distintas vertientes de un justicialismo local que compite por otro lado con la lista del actual intendente de Resistencia Gustavo Mart\u00ednez, y Elida Cuesta, presidenta de la C\u00e1mara de Diputados y esposa de Mart\u00ednez, como candidata a sucederlo en el municipio (Espacio CER). Y aunque se habl\u00f3 hasta el filo del cierre de alianzas, a fines de abril, de la posibilidad de un acuerdo, no hubo lista de unidad.<\/p>\n<p>Luego est\u00e1, por otro lado, la lista Unidos por la Gente, del exgobernador y actual embajador en Paraguay Domingo Peppo, enfrentado a Capitanich desde hace a\u00f1os. Estar\u00e1 acompa\u00f1ado en la f\u00f3rmula por Nicol\u00e1s Matta, dentro de la lista denominada Unidos por la Gente.<br \/>\nDesde Juntos por el Cambio, el diputado nacional radical Juan Carlos Polini competir\u00e1 en la interna con el diputado provincial radical Leandro Zdero y la concejal de Charata, Silvana Schneider. Al igual que Mart\u00ednez, ambos suspendieron sus cierres de campa\u00f1a como parte de lo que tambi\u00e9n termin\u00f3 siendo una extendida campa\u00f1a por el caso caratulado de femicidio de Cecilia Strzyzowski: ligar la figura del gobernador a la de los l\u00edderes sociales hoy imputados y detenidos (al igual que su hijo y cuatro de sus colaboradores m\u00e1s cercanos), con denuncias que fueron desde la cr\u00edtica a que Capitanich siguiera adelante con su cierre de campa\u00f1a, al pedido de suspensi\u00f3n de elecciones, y hasta de intervenci\u00f3n de la provincia.<br \/>\nLos libertarios tambi\u00e9n tienen su representaci\u00f3n en Chaco. Habr\u00e1 dos listas compitiendo. Por un lado est\u00e1 Alfredo \u201cCapi\u201d Rodr\u00edguez, el precandidato de La Libertad Avanza que tiene como referente al diputado nacional Javier Milei. La otra lista es la de Libertarios en Acci\u00f3n, donde figuran como precandidatos a gobernador y vice Rub\u00e9n Galassi y Marta Viviana Kassor.<\/p>\n<p>CHACO DIA POR DIA.-<\/p>\n","protected":false},"excerpt":{"rendered":"<p>Las PASO que se celebran este domingo una llamativa particularidad formal: son 1710 los modelos de boleta que poblar\u00e1n las mesas de las escuelas y lugares de votaci\u00f3n a lo largo de toda la provincia, todo un r\u00e9cord que se intensifica en peque\u00f1as poblaciones como Colonia Aborigen, donde los vecinos tendr\u00e1n la misma cantidad de [&hellip;]<\/p>\n","protected":false},"author":1,"featured_media":22870,"comment_status":"closed","ping_status":"closed","sticky":false,"template":"","format":"standard","meta":{"footnotes":""},"categories":[6],"tags":[197],"class_list":{"0":"post-22869","1":"post","2":"type-post","3":"status-publish","4":"format-standard","5":"has-post-thumbnail","7":"category-chaco","8":"tag-destacada"},"_links":{"self":[{"href":"https:\/\/chacosintesis.com.ar\/index.php\/wp-json\/wp\/v2\/posts\/22869","targetHints":{"allow":["GET"]}}],"collection":[{"href":"https:\/\/chacosintesis.com.ar\/index.php\/wp-json\/wp\/v2\/posts"}],"about":[{"href":"https:\/\/chacosintesis.com.ar\/index.php\/wp-json\/wp\/v2\/types\/post"}],"author":[{"embeddable":true,"href":"https:\/\/chacosintesis.com.ar\/index.php\/wp-json\/wp\/v2\/users\/1"}],"replies":[{"embeddable":true,"href":"https:\/\/chacosintesis.com.ar\/index.php\/wp-json\/wp\/v2\/comments?post=22869"}],"version-history":[{"count":0,"href":"https:\/\/chacosintesis.com.ar\/index.php\/wp-json\/wp\/v2\/posts\/22869\/revisions"}],"wp:featuredmedia":[{"embeddable":true,"href":"https:\/\/chacosintesis.com.ar\/index.php\/wp-json\/wp\/v2\/media\/22870"}],"wp:attachment":[{"href":"https:\/\/chacosintesis.com.ar\/index.php\/wp-json\/wp\/v2\/media?parent=22869"}],"wp:term":[{"taxonomy":"category","embeddable":true,"href":"https:\/\/chacosintesis.com.ar\/index.php\/wp-json\/wp\/v2\/categories?post=22869"},{"taxonomy":"post_tag","embeddable":true,"href":"https:\/\/chacosintesis.com.ar\/index.php\/wp-json\/wp\/v2\/tags?post=22869"}],"curies":[{"name":"wp","href":"https:\/\/api.w.org\/{rel}","templated":true}]}}