{"id":22863,"date":"2023-06-17T17:52:14","date_gmt":"2023-06-17T20:52:14","guid":{"rendered":"https:\/\/chacosintesis.com.ar\/?p=22863"},"modified":"2023-06-17T18:06:45","modified_gmt":"2023-06-17T21:06:45","slug":"detienen-a-un-hombre-que-intentaba-vender-un-chaleco-antibalas-en-la-calle","status":"publish","type":"post","link":"https:\/\/chacosintesis.com.ar\/index.php\/detienen-a-un-hombre-que-intentaba-vender-un-chaleco-antibalas-en-la-calle\/","title":{"rendered":"Detienen a un hombre que intentaba vender un chaleco antibalas en la calle"},"content":{"rendered":"<p>En la madrugada de este s\u00e1bado, personal de la Polic\u00eda de la provincia detuvo a un hombre de 32 a\u00f1os mientras intentaba vender un chaleco bal\u00edstico que era perteneciente al Servicio Penitenciario Provincial.<br \/>\n\u201cEl ciudadano no supo dar explicaciones de la procedencia del chaleco, por ello labraron acta de secuestro y la conducci\u00f3n a la Comisar\u00eda\u201d, explicaron los agentes.<br \/>\nPor tal motivo se dio conocimiento a la Fiscal\u00eda en turno y se dispuso la aprehensi\u00f3n por la causa \u201csupuesto encubrimiento\u201d.<\/p>\n<p><<a href=\"http:\/\/www.avg.com\/email-signature?utm_medium=email&#038;utm_source=link&#038;utm_campaign=sig-email&#038;utm_content=webmail\">www.avg.com\/email-signature?utm_medium=email&amp;utm_source=link&amp;utm_campaign=sig-email&amp;utm_content=webmail<\/a>> Libre de virus.www.avg.com <<a href=\"http:\/\/www.avg.com\/email-signature?utm_medium=email&#038;utm_source=link&#038;utm_campaign=sig-email&#038;utm_content=webmail\">www.avg.com\/email-signature?utm_medium=email&amp;utm_source=link&amp;utm_campaign=sig-email&amp;utm_content=webmail<\/a>> <#DAB4FAD8-2DD7-40BB-A1B8-4E2AA1F9FDF2><\/p>\n","protected":false},"excerpt":{"rendered":"<p>En la madrugada de este s\u00e1bado, personal de la Polic\u00eda de la provincia detuvo a un hombre de 32 a\u00f1os mientras intentaba vender un chaleco bal\u00edstico que era perteneciente al Servicio Penitenciario Provincial. \u201cEl ciudadano no supo dar explicaciones de la procedencia del chaleco, por ello labraron acta de secuestro y la conducci\u00f3n a la [&hellip;]<\/p>\n","protected":false},"author":1,"featured_media":22864,"comment_status":"closed","ping_status":"closed","sticky":false,"template":"","format":"standard","meta":{"footnotes":""},"categories":[6],"tags":[],"class_list":{"0":"post-22863","1":"post","2":"type-post","3":"status-publish","4":"format-standard","5":"has-post-thumbnail","7":"category-chaco"},"_links":{"self":[{"href":"https:\/\/chacosintesis.com.ar\/index.php\/wp-json\/wp\/v2\/posts\/22863","targetHints":{"allow":["GET"]}}],"collection":[{"href":"https:\/\/chacosintesis.com.ar\/index.php\/wp-json\/wp\/v2\/posts"}],"about":[{"href":"https:\/\/chacosintesis.com.ar\/index.php\/wp-json\/wp\/v2\/types\/post"}],"author":[{"embeddable":true,"href":"https:\/\/chacosintesis.com.ar\/index.php\/wp-json\/wp\/v2\/users\/1"}],"replies":[{"embeddable":true,"href":"https:\/\/chacosintesis.com.ar\/index.php\/wp-json\/wp\/v2\/comments?post=22863"}],"version-history":[{"count":0,"href":"https:\/\/chacosintesis.com.ar\/index.php\/wp-json\/wp\/v2\/posts\/22863\/revisions"}],"wp:featuredmedia":[{"embeddable":true,"href":"https:\/\/chacosintesis.com.ar\/index.php\/wp-json\/wp\/v2\/media\/22864"}],"wp:attachment":[{"href":"https:\/\/chacosintesis.com.ar\/index.php\/wp-json\/wp\/v2\/media?parent=22863"}],"wp:term":[{"taxonomy":"category","embeddable":true,"href":"https:\/\/chacosintesis.com.ar\/index.php\/wp-json\/wp\/v2\/categories?post=22863"},{"taxonomy":"post_tag","embeddable":true,"href":"https:\/\/chacosintesis.com.ar\/index.php\/wp-json\/wp\/v2\/tags?post=22863"}],"curies":[{"name":"wp","href":"https:\/\/api.w.org\/{rel}","templated":true}]}}