{"id":22851,"date":"2023-06-17T16:42:00","date_gmt":"2023-06-17T19:42:00","guid":{"rendered":"https:\/\/chacosintesis.com.ar\/?p=22851"},"modified":"2023-06-17T17:07:26","modified_gmt":"2023-06-17T20:07:26","slug":"este-domingo-diez-boletas-competiran-por-la-gobernacion-del-chaco-cuales-son","status":"publish","type":"post","link":"https:\/\/chacosintesis.com.ar\/index.php\/este-domingo-diez-boletas-competiran-por-la-gobernacion-del-chaco-cuales-son\/","title":{"rendered":"Este domingo: Diez boletas competir\u00e1n por la Gobernaci\u00f3n del Chaco: \u00bfCu\u00e1les son?"},"content":{"rendered":"<p>Las listas buscar\u00e1n alcanzar el piso de votos necesarios para asegurarse un lugar en las elecciones generales de septiembre.<br \/>\nEste domingo la provincia del Chaco ir\u00e1 a las urnas a partir de las 8:00 para dar inicio a la elecci\u00f3n Primarias, Abiertas, Simult\u00e1neas y Obligatorias (PASO) donde diez listas se disputar\u00e1n la Gobernaci\u00f3n y la vicegobernaci\u00f3n. Adem\u00e1s, se elegir\u00e1n candidatos legislativos y municipales.<br \/>\nPara la cita existen cerca de un mill\u00f3n de chaque\u00f1os y chaque\u00f1as habilitados para votar en los 70 municipios. Los comicios se extender\u00e1n hasta las 18:00 y los partidos necesitan del 0,75% de los votos v\u00e1lidos sobre el padr\u00f3n para consolidar su boleta electoral, y s\u00f3lo quedar\u00e1 una lista conformada por cada frente electoral por categor\u00eda.<br \/>\nPara este domingo, son diez las listas que competir\u00e1n en la categor\u00eda de gobernador\/a y vice:<\/p>\n<p>-FRENTE CHAQUE\u00d1O \u2013 17 DE OCTUBRE: El actual gobernador Jorge Capitanich y la vicegobernadora Anal\u00eda Rach Quiroga repiten la f\u00f3rmula que triunf\u00f3 en 2019.<br \/>\n-JUNTOS POR EL CAMBIO \u2013 ORDEN Y TRABAJO: Juan Carlos Polini, diputado nacional, se uni\u00f3 a la ex rectora de la UNNE, Delfina Veirav\u00e9, para unas elecciones importantes en la interna de la alianza.<br \/>\n-JUNTOS POR EL CAMBIO \u2013 CHACO CAMBIA: Del otro lado de la interna opositora, el diputado provincial Leandro Zdero y la concejala de Charata, Silvana Schneider, representan la f\u00f3rmula de &#8220;Chaco Cambia&#8221;.<br \/>\n-FRENTE CER (Corriente de Expresi\u00f3n Renovada): Gustavo Mart\u00ednez, intendente de Resistencia, buscar\u00e1 la Gobernaci\u00f3n junto a Viviam Polini.<br \/>\n-FRENTE INTEGRADOR: Juan Carlos Bacileff Ivanoff y C\u00e9sar Pic\u00f3n seguir\u00e1n juntos al igual que en 2019 para una nueva aspiraci\u00f3n a la Gobernaci\u00f3n.<br \/>\n-UNIDOS POR LA GENTE: El exgobernador Domingo Peppo busca volver a la Casa de Gobierno junto a Nicol\u00e1s Matta.<br \/>\n-PARTIDO OBRERO: Germ\u00e1n B\u00e1ez y Samanta Salas ser\u00e1n los representantes del sector en esta nueva elecci\u00f3n.<br \/>\n-LA LIBERTAD AVANZA: Alfredo Rodr\u00edguez e Ileana Aguirre intentar\u00e1n buscar\u00e1 representar de la mejor manera al partido comandado por Javier Milei.<br \/>\n-LIBERTARIOS EN ACCI\u00d3N: Rub\u00e9n Galassi y Marta Kassor ser\u00e1 otra de las f\u00f3rmulas para este domingo.<br \/>\n-FRENTE CHAQUE\u00d1O &#8211; SIGLO 21: Ismael Walter Espinoza y Cepriano Arizaga es la f\u00f3rmula que se mete en la interna de sector oficialista.<br \/>\n <<a href=\"http:\/\/www.avg.com\/email-signature?utm_medium=email&#038;utm_source=link&#038;utm_campaign=sig-email&#038;utm_content=webmail\">www.avg.com\/email-signature?utm_medium=email&amp;utm_source=link&amp;utm_campaign=sig-email&amp;utm_content=webmail<\/a>> Libre de virus.www.avg.com <<a href=\"http:\/\/www.avg.com\/email-signature?utm_medium=email&#038;utm_source=link&#038;utm_campaign=sig-email&#038;utm_content=webmail\">www.avg.com\/email-signature?utm_medium=email&amp;utm_source=link&amp;utm_campaign=sig-email&amp;utm_content=webmail<\/a>> <#DAB4FAD8-2DD7-40BB-A1B8-4E2AA1F9FDF2><\/p>\n","protected":false},"excerpt":{"rendered":"<p>Las listas buscar\u00e1n alcanzar el piso de votos necesarios para asegurarse un lugar en las elecciones generales de septiembre. Este domingo la provincia del Chaco ir\u00e1 a las urnas a partir de las 8:00 para dar inicio a la elecci\u00f3n Primarias, Abiertas, Simult\u00e1neas y Obligatorias (PASO) donde diez listas se disputar\u00e1n la Gobernaci\u00f3n y la [&hellip;]<\/p>\n","protected":false},"author":1,"featured_media":22852,"comment_status":"closed","ping_status":"closed","sticky":false,"template":"","format":"standard","meta":{"footnotes":""},"categories":[6],"tags":[],"class_list":{"0":"post-22851","1":"post","2":"type-post","3":"status-publish","4":"format-standard","5":"has-post-thumbnail","7":"category-chaco"},"_links":{"self":[{"href":"https:\/\/chacosintesis.com.ar\/index.php\/wp-json\/wp\/v2\/posts\/22851","targetHints":{"allow":["GET"]}}],"collection":[{"href":"https:\/\/chacosintesis.com.ar\/index.php\/wp-json\/wp\/v2\/posts"}],"about":[{"href":"https:\/\/chacosintesis.com.ar\/index.php\/wp-json\/wp\/v2\/types\/post"}],"author":[{"embeddable":true,"href":"https:\/\/chacosintesis.com.ar\/index.php\/wp-json\/wp\/v2\/users\/1"}],"replies":[{"embeddable":true,"href":"https:\/\/chacosintesis.com.ar\/index.php\/wp-json\/wp\/v2\/comments?post=22851"}],"version-history":[{"count":0,"href":"https:\/\/chacosintesis.com.ar\/index.php\/wp-json\/wp\/v2\/posts\/22851\/revisions"}],"wp:featuredmedia":[{"embeddable":true,"href":"https:\/\/chacosintesis.com.ar\/index.php\/wp-json\/wp\/v2\/media\/22852"}],"wp:attachment":[{"href":"https:\/\/chacosintesis.com.ar\/index.php\/wp-json\/wp\/v2\/media?parent=22851"}],"wp:term":[{"taxonomy":"category","embeddable":true,"href":"https:\/\/chacosintesis.com.ar\/index.php\/wp-json\/wp\/v2\/categories?post=22851"},{"taxonomy":"post_tag","embeddable":true,"href":"https:\/\/chacosintesis.com.ar\/index.php\/wp-json\/wp\/v2\/tags?post=22851"}],"curies":[{"name":"wp","href":"https:\/\/api.w.org\/{rel}","templated":true}]}}