{"id":22832,"date":"2023-06-17T13:01:11","date_gmt":"2023-06-17T16:01:11","guid":{"rendered":"https:\/\/chacosintesis.com.ar\/?p=22832"},"modified":"2023-06-17T13:01:12","modified_gmt":"2023-06-17T16:01:12","slug":"caso-cecilia-strzyzowski-el-ejecutivo-provincial-reitera-su-rol-como-auxiliar-y-querellante-en-la-causa","status":"publish","type":"post","link":"https:\/\/chacosintesis.com.ar\/index.php\/caso-cecilia-strzyzowski-el-ejecutivo-provincial-reitera-su-rol-como-auxiliar-y-querellante-en-la-causa\/","title":{"rendered":"Caso Cecilia Strzyzowski: El Ejecutivo provincial reitera su rol como auxiliar y querellante en la causa"},"content":{"rendered":"\n<p>El Estado provincial contribuye a la investigaci\u00f3n sobre el presunto femicidio de la joven a trav\u00e9s de la la Polic\u00eda del Chaco en su rol como auxiliar de la Justicia, y de la Secretar\u00eda de Derechos Humanos y G\u00e9neros, que se constituy\u00f3 como querellante en la causa.<\/p>\n\n\n\n<p>El Gobierno provincial recuerda cu\u00e1les son sus competencias y de qu\u00e9 manera interviene en la investigaci\u00f3n por el presunto femicidio de Cecilia Strzyzowski tanto a trav\u00e9s de la Polic\u00eda de la provincia, dependiente del Ministerio de Seguridad y Justicia, como de la Secretar\u00eda de Derechos Humanos y G\u00e9neros.<\/p>\n\n\n\n<figure class=\"wp-block-gallery has-nested-images columns-default is-cropped wp-block-gallery-1 is-layout-flex wp-block-gallery-is-layout-flex\">\n<figure class=\"wp-block-image size-large\"><img decoding=\"async\" src=\"data:image\/gif;base64,R0lGODlhAQABAIAAAAAAAP\/\/\/ywAAAAAAQABAAACAUwAOw==\" fifu-lazy=\"1\" fifu-data-sizes=\"auto\" fifu-data-srcset=\"https:\/\/i0.wp.com\/chacosintesis.com.ar\/wp-content\/uploads\/2023\/06\/WhatsApp-Image-2023-06-16-at-15.19.06-1024x1024.jpeg?ssl=1&w=75&resize=75&ssl=1 75w, https:\/\/i0.wp.com\/chacosintesis.com.ar\/wp-content\/uploads\/2023\/06\/WhatsApp-Image-2023-06-16-at-15.19.06-1024x1024.jpeg?ssl=1&w=100&resize=100&ssl=1 100w, https:\/\/i0.wp.com\/chacosintesis.com.ar\/wp-content\/uploads\/2023\/06\/WhatsApp-Image-2023-06-16-at-15.19.06-1024x1024.jpeg?ssl=1&w=150&resize=150&ssl=1 150w, https:\/\/i0.wp.com\/chacosintesis.com.ar\/wp-content\/uploads\/2023\/06\/WhatsApp-Image-2023-06-16-at-15.19.06-1024x1024.jpeg?ssl=1&w=240&resize=240&ssl=1 240w, https:\/\/i0.wp.com\/chacosintesis.com.ar\/wp-content\/uploads\/2023\/06\/WhatsApp-Image-2023-06-16-at-15.19.06-1024x1024.jpeg?ssl=1&w=320&resize=320&ssl=1 320w, https:\/\/i0.wp.com\/chacosintesis.com.ar\/wp-content\/uploads\/2023\/06\/WhatsApp-Image-2023-06-16-at-15.19.06-1024x1024.jpeg?ssl=1&w=500&resize=500&ssl=1 500w, https:\/\/i0.wp.com\/chacosintesis.com.ar\/wp-content\/uploads\/2023\/06\/WhatsApp-Image-2023-06-16-at-15.19.06-1024x1024.jpeg?ssl=1&w=640&resize=640&ssl=1 640w, https:\/\/i0.wp.com\/chacosintesis.com.ar\/wp-content\/uploads\/2023\/06\/WhatsApp-Image-2023-06-16-at-15.19.06-1024x1024.jpeg?ssl=1&w=800&resize=800&ssl=1 800w, https:\/\/i0.wp.com\/chacosintesis.com.ar\/wp-content\/uploads\/2023\/06\/WhatsApp-Image-2023-06-16-at-15.19.06-1024x1024.jpeg?ssl=1&w=1024&resize=1024&ssl=1 1024w, https:\/\/i0.wp.com\/chacosintesis.com.ar\/wp-content\/uploads\/2023\/06\/WhatsApp-Image-2023-06-16-at-15.19.06-1024x1024.jpeg?ssl=1&w=1280&resize=1280&ssl=1 1280w, https:\/\/i0.wp.com\/chacosintesis.com.ar\/wp-content\/uploads\/2023\/06\/WhatsApp-Image-2023-06-16-at-15.19.06-1024x1024.jpeg?ssl=1&w=1600&resize=1600&ssl=1 1600w\" data-id=\"22834\" fifu-data-src=\"https:\/\/i0.wp.com\/chacosintesis.com.ar\/wp-content\/uploads\/2023\/06\/WhatsApp-Image-2023-06-16-at-15.19.06-1024x1024.jpeg?ssl=1\" alt=\"\" class=\"wp-image-22834\"\/><\/figure>\n\n\n\n<figure class=\"wp-block-image size-large\"><img decoding=\"async\" src=\"data:image\/gif;base64,R0lGODlhAQABAIAAAAAAAP\/\/\/ywAAAAAAQABAAACAUwAOw==\" fifu-lazy=\"1\" fifu-data-sizes=\"auto\" fifu-data-srcset=\"https:\/\/i2.wp.com\/chacosintesis.com.ar\/wp-content\/uploads\/2023\/06\/WhatsApp-Image-2023-06-16-at-15.19.06-1-1024x1024.jpeg?ssl=1&w=75&resize=75&ssl=1 75w, https:\/\/i2.wp.com\/chacosintesis.com.ar\/wp-content\/uploads\/2023\/06\/WhatsApp-Image-2023-06-16-at-15.19.06-1-1024x1024.jpeg?ssl=1&w=100&resize=100&ssl=1 100w, https:\/\/i2.wp.com\/chacosintesis.com.ar\/wp-content\/uploads\/2023\/06\/WhatsApp-Image-2023-06-16-at-15.19.06-1-1024x1024.jpeg?ssl=1&w=150&resize=150&ssl=1 150w, https:\/\/i2.wp.com\/chacosintesis.com.ar\/wp-content\/uploads\/2023\/06\/WhatsApp-Image-2023-06-16-at-15.19.06-1-1024x1024.jpeg?ssl=1&w=240&resize=240&ssl=1 240w, https:\/\/i2.wp.com\/chacosintesis.com.ar\/wp-content\/uploads\/2023\/06\/WhatsApp-Image-2023-06-16-at-15.19.06-1-1024x1024.jpeg?ssl=1&w=320&resize=320&ssl=1 320w, https:\/\/i2.wp.com\/chacosintesis.com.ar\/wp-content\/uploads\/2023\/06\/WhatsApp-Image-2023-06-16-at-15.19.06-1-1024x1024.jpeg?ssl=1&w=500&resize=500&ssl=1 500w, https:\/\/i2.wp.com\/chacosintesis.com.ar\/wp-content\/uploads\/2023\/06\/WhatsApp-Image-2023-06-16-at-15.19.06-1-1024x1024.jpeg?ssl=1&w=640&resize=640&ssl=1 640w, https:\/\/i2.wp.com\/chacosintesis.com.ar\/wp-content\/uploads\/2023\/06\/WhatsApp-Image-2023-06-16-at-15.19.06-1-1024x1024.jpeg?ssl=1&w=800&resize=800&ssl=1 800w, https:\/\/i2.wp.com\/chacosintesis.com.ar\/wp-content\/uploads\/2023\/06\/WhatsApp-Image-2023-06-16-at-15.19.06-1-1024x1024.jpeg?ssl=1&w=1024&resize=1024&ssl=1 1024w, https:\/\/i2.wp.com\/chacosintesis.com.ar\/wp-content\/uploads\/2023\/06\/WhatsApp-Image-2023-06-16-at-15.19.06-1-1024x1024.jpeg?ssl=1&w=1280&resize=1280&ssl=1 1280w, https:\/\/i2.wp.com\/chacosintesis.com.ar\/wp-content\/uploads\/2023\/06\/WhatsApp-Image-2023-06-16-at-15.19.06-1-1024x1024.jpeg?ssl=1&w=1600&resize=1600&ssl=1 1600w\" data-id=\"22835\" fifu-data-src=\"https:\/\/i2.wp.com\/chacosintesis.com.ar\/wp-content\/uploads\/2023\/06\/WhatsApp-Image-2023-06-16-at-15.19.06-1-1024x1024.jpeg?ssl=1\" alt=\"\" class=\"wp-image-22835\"\/><\/figure>\n<\/figure>\n\n\n\n<p>En virtud de esto es necesario aclarar que los familiares de la v\u00edctima son quienes acceden a una querellante particular y la responsable de llevar adelante eso es una abogada particular. En tanto que la defensa de los acusados y\/o imputados puede ser atendida por una defensa p\u00fablica otorgada por la Justicia o mediante abogados particulares.<\/p>\n\n\n\n<p>Asimismo, el Poder Ejecutivo en este y otros casos posee funciones espec\u00edficas que deben cumplirse. La Secretar\u00eda de DDHH y G\u00e9neros de la provincia act\u00faa desde dos roles: por un lado la constituci\u00f3n en querellante particular por el Poder Ejecutivo a cargo de la Direcci\u00f3n de Litigios Estrat\u00e9gicos.<\/p>\n\n\n\n<p>La medida tiene como objetivo garantizar el tratamiento del caso con perspectiva de g\u00e9nero seg\u00fan lo establece el art\u00edculo 12 de la Ley 965-N, que posibilita a la Secretar\u00eda de Derechos Humanos y G\u00e9neros a constituirse como querellante en los casos de su exclusiva competencia.<\/p>\n\n\n\n<p>Por otra parte, un equipo interdisciplinario de la Secretar\u00eda ofrece acompa\u00f1amiento psicol\u00f3gico para garantizar la contenci\u00f3n terap\u00e9utica de la familia durante todo el proceso.<\/p>\n\n\n\n<p>Mientras que el Ministerio de Seguridad y Justicia, a trav\u00e9s de la Polic\u00eda del Chaco, tiene el rol de auxiliar de la Justicia. Dicha funci\u00f3n se rige por la Ley de Seguridad P\u00fablica 2011-J, y su tarea es la de aportar al Ministerio P\u00fablico Fiscal los recursos humanos y t\u00e9cnicos desde cada una de las \u00e1reas especializadas para llevar adelante la investigaci\u00f3n.<\/p>\n\n\n\n<p>En ese sentido, es importante destacar la tarea del Ministerio P\u00fablico Fiscal, en este caso del Equipo Fiscal Especial a cargo del Fiscal de C\u00e1mara Jorge G\u00f3mez, quienes tienen la titularidad de la acci\u00f3n penal en materia de dirigir, coordinar y conducir la investigaci\u00f3n por el presunto femicidio de Cecilia Strzyzowski.<\/p>\n\n\n\n<p>Por lo que es obligaci\u00f3n del Equipo Fiscal solicitar la orden de captura\/aprehensi\u00f3n, los allanamientos y realizar la imputaci\u00f3n, es decir, indicar por qu\u00e9 delitos se les acusa a los sindicados por el presunto crimen.<\/p>\n\n\n\n<p>Dentro de la intervenci\u00f3n judicial, tambi\u00e9n adquiere importancia el juez de Garant\u00edas, en este caso, H\u00e9ctor Sandoval del Juzgado de Garant\u00edas N\u00b02. Es quien autoriza los pedidos del equipo fiscal, velando siempre por el debido proceso de acuerdo a las personas que se encuentran acusadas y a los intereses de las v\u00edctimas y las querellas particulares.<\/p>\n\n\n\n<p>Cronolog\u00eda del caso en coordinaci\u00f3n con la Justicia<\/p>\n\n\n\n<p>El Gobierno provincial contin\u00faa poniendo a disposici\u00f3n todos los recursos que requiera el equipo fiscal especial conformado por la Justicia para la investigaci\u00f3n por el presunto femicidio de Cecilia Strzyzowski, quien permanece desaparecida.<\/p>\n\n\n\n<p>Vale recordar que desde el momento en que se realiz\u00f3 la denuncia por la desaparici\u00f3n de la joven, el 6 de junio, el Gobierno provincial puso en marcha los protocolos del Sistema Provincial de B\u00fasqueda de Personas alertando tanto a fuerzas provinciales como federales, y a otras provincias sobre el caso.<\/p>\n\n\n\n<p>El mi\u00e9rcoles 7, se difundi\u00f3 en los medios de comunicaci\u00f3n el flyer para la b\u00fasqueda de la joven, al tiempo que la Secretar\u00eda de Derechos Humanos y G\u00e9neros solicit\u00f3 a la Fiscal\u00eda el acceso al expediente judicial.<\/p>\n\n\n\n<p>El jueves 8, la Secretar\u00eda de DDHHyG solicit\u00f3 a la Justicia que en la investigaci\u00f3n se eval\u00fae como hip\u00f3tesis el posible femicidio de Cecilia, con el objetivo de resguardar todas las pruebas necesarias como as\u00ed tambi\u00e9n para dar celeridad a la investigaci\u00f3n, adem\u00e1s de requerir la inmediata detenci\u00f3n de C\u00e9sar Sena.<\/p>\n\n\n\n<p>Ese mismo d\u00eda, el caso se puso en conocimiento del Ministerio de Mujeres, G\u00e9neros y Diversidades de la Naci\u00f3n, con el objetivo de que la familia de Cecilia acceda al acompa\u00f1amiento nacional y provincial necesario en el contexto de b\u00fasqueda. Y autoridades de la Secretar\u00eda recibieron a familiares de Cecilia para poner el sistema integral de protecci\u00f3n a las v\u00edctimas a su disposici\u00f3n con acompa\u00f1amiento y asesoramiento legal y terap\u00e9utico.<\/p>\n\n\n\n<p>El viernes 9, la Secretar\u00eda de DDHyG solicit\u00f3 constituirse doblemente como querellante en la causa, en primer lugar en representaci\u00f3n de la madre de Cecilia y en segundo, en representaci\u00f3n de la secretaria Silvana P\u00e9rez, solicitando adem\u00e1s la prisi\u00f3n preventiva de C\u00e9sar Sena y reiterando la necesidad de que el caso se investigue como presunto femicidio.<\/p>\n\n\n\n<p>Adem\u00e1s, en conferencia de prensa, la ministra de Seguridad y Justicia y la secretaria de DDHHyG solicitaron a la Justicia mayor celeridad y reiteraron el pedido de una investigaci\u00f3n con perspectiva de g\u00e9nero seg\u00fan los protocolos y normas vigentes.<\/p>\n\n\n\n<p>Ese mismo d\u00eda, el fiscal recibi\u00f3 a la familia de Cecilia con el acompa\u00f1amiento de la direcci\u00f3n de Litigios Estrat\u00e9gicos de la provincia, y en paralelo se present\u00f3 un familiar de la joven quien tambi\u00e9n solicit\u00f3 constituirse como querellante por parte de la familia.<\/p>\n\n\n\n<p>Desde las 13:30 hasta las 23 se realizaron allanamientos en la casa de los padres de C\u00e9sar Sena, y se produjo el secuestro de cuatro autom\u00f3viles, dinero, y otros elementos de inter\u00e9s para la causa. En el marco del allanamiento, se dispuso las detenciones de Emerenciano Sena, Marcela Acu\u00f1a y Fabiana Gonz\u00e1lez como as\u00ed tambi\u00e9n la orden de captura internacional de C\u00e9sar Sena.<\/p>\n\n\n\n<p>El s\u00e1bado 10, autoridades provinciales recibieron nuevamente a la familia de Cecilia, poniendo una vez m\u00e1s a disposici\u00f3n el sistema integral de acompa\u00f1amiento a v\u00edctimas por motivos de g\u00e9nero. Mientras que en horas de la ma\u00f1ana, el Frente Chaque\u00f1o solicit\u00f3 ante el Tribunal Electoral la exclusi\u00f3n de la lista colectora de la agrupaci\u00f3n interna \u201cPSU- Socialistas Unidos\u201d en la categor\u00eda de diputados y en la categor\u00eda de intendentes, entendiendo que el posible involucramiento de este espacio en los hechos conocidos p\u00fablicamente, afectaban gravemente los principios y bases del frente electoral.<\/p>\n\n\n\n<p>Pasado el mediod\u00eda fue detenido C\u00e9sar Sena. Siendo la cuarta persona detenida vinculada al caso. Tambi\u00e9n, se solicit\u00f3 orden de allanamiento y rastrillaje en el domicilio rural de Emerenciano Sena, ubicado en la zona rural de Puerto Tirol, conocida como La Zona de campo Rossi, que se hizo efectiva en horas de la tarde y continu\u00f3 el domingo 11.<\/p>\n\n\n\n<p>El domingo 11 de junio continuaron los allanamientos con la presencia ininterrumpida del fiscal interviniente y con la colaboraci\u00f3n de la Polic\u00eda del Chaco, disponi\u00e9ndose aprehensiones en el lugar de los hechos y secuestro de elementos de inter\u00e9s vinculados al proceso<\/p>\n\n\n\n<p>El fiscal libr\u00f3 una nueva orden de allanamiento en un domicilio situado en la ciudad de Resistencia, y por la tarde orden\u00f3 la detenci\u00f3n de otras tres personas que se sumaron a las cuatro ya detenidas.<\/p>\n\n\n\n<p>El lunes 12 de presentaron en la fiscal\u00eda la secretaria de DDHyG, Silvana P\u00e9rez, y la coordinadora de Litigios Estrat\u00e9gicos, Nahir Barud, quienes fueron notificadas de la aceptaci\u00f3n de la querella presentada el viernes anterior.<\/p>\n\n\n\n<p>Adem\u00e1s, este mi\u00e9rcoles la querella de la Secretar\u00eda de DDHyG solicit\u00f3 la prisi\u00f3n preventiva de las siete personas que se encuentran detenidas en el marco de la investigaci\u00f3n.<\/p>\n\n\n\n<p>La medida, impulsada por la abogada querellante de la Secretar\u00eda y coordinadora del \u00e1rea de Litigios Estrat\u00e9gicos, Nahir Barud, tiene como objetivo preservar el desarrollo del proceso de investigaci\u00f3n y prevenir su entorpecimiento. En efecto, se solicit\u00f3 que las personas detenidas contin\u00faen en ese estado durante todo el proceso incluyendo el juicio, hasta que sea comprobada o no su culpabilidad en los hechos.<\/p>\n\n\n\n<p>Ante cualquier situaci\u00f3n de violencia, dar alerta a los n\u00fameros de emergencia como el Servicio 911, la L\u00ednea 137 y la Guardia de G\u00e9nero 362 474-6518, tambi\u00e9n quien posea informaci\u00f3n sobre Cecilia, pueden acercarse a la comisar\u00eda m\u00e1s cercana o a las oficinas judiciales.<\/p>\n","protected":false},"excerpt":{"rendered":"<p>El Estado provincial contribuye a la investigaci\u00f3n sobre el presunto femicidio de la joven a trav\u00e9s de la la Polic\u00eda del Chaco en su rol como auxiliar de la Justicia, y de la Secretar\u00eda de Derechos Humanos y G\u00e9neros, que se constituy\u00f3 como querellante en la causa. El Gobierno provincial recuerda cu\u00e1les son sus competencias [&hellip;]<\/p>\n","protected":false},"author":1,"featured_media":22833,"comment_status":"closed","ping_status":"closed","sticky":false,"template":"","format":"standard","meta":{"footnotes":""},"categories":[6],"tags":[],"class_list":{"0":"post-22832","1":"post","2":"type-post","3":"status-publish","4":"format-standard","5":"has-post-thumbnail","7":"category-chaco"},"_links":{"self":[{"href":"https:\/\/chacosintesis.com.ar\/index.php\/wp-json\/wp\/v2\/posts\/22832","targetHints":{"allow":["GET"]}}],"collection":[{"href":"https:\/\/chacosintesis.com.ar\/index.php\/wp-json\/wp\/v2\/posts"}],"about":[{"href":"https:\/\/chacosintesis.com.ar\/index.php\/wp-json\/wp\/v2\/types\/post"}],"author":[{"embeddable":true,"href":"https:\/\/chacosintesis.com.ar\/index.php\/wp-json\/wp\/v2\/users\/1"}],"replies":[{"embeddable":true,"href":"https:\/\/chacosintesis.com.ar\/index.php\/wp-json\/wp\/v2\/comments?post=22832"}],"version-history":[{"count":0,"href":"https:\/\/chacosintesis.com.ar\/index.php\/wp-json\/wp\/v2\/posts\/22832\/revisions"}],"wp:featuredmedia":[{"embeddable":true,"href":"https:\/\/chacosintesis.com.ar\/index.php\/wp-json\/wp\/v2\/media\/22833"}],"wp:attachment":[{"href":"https:\/\/chacosintesis.com.ar\/index.php\/wp-json\/wp\/v2\/media?parent=22832"}],"wp:term":[{"taxonomy":"category","embeddable":true,"href":"https:\/\/chacosintesis.com.ar\/index.php\/wp-json\/wp\/v2\/categories?post=22832"},{"taxonomy":"post_tag","embeddable":true,"href":"https:\/\/chacosintesis.com.ar\/index.php\/wp-json\/wp\/v2\/tags?post=22832"}],"curies":[{"name":"wp","href":"https:\/\/api.w.org\/{rel}","templated":true}]}}