{"id":22792,"date":"2023-06-16T10:36:21","date_gmt":"2023-06-16T13:36:21","guid":{"rendered":"https:\/\/chacosintesis.com.ar\/?p=22792"},"modified":"2023-06-16T10:36:49","modified_gmt":"2023-06-16T13:36:49","slug":"el-casero-asegura-que-el-cuerpo-esta-en-un-basural-pero-dice-que-no-sabe-cual","status":"publish","type":"post","link":"https:\/\/chacosintesis.com.ar\/index.php\/el-casero-asegura-que-el-cuerpo-esta-en-un-basural-pero-dice-que-no-sabe-cual\/","title":{"rendered":"El casero asegura que el cuerpo est\u00e1 en un basural pero dice que &#8220;no sabe&#8221; cu\u00e1l"},"content":{"rendered":"<p>Se conocieron en las \u00faltimas horas detalles de la ampliaci\u00f3n de declaraci\u00f3n de imputado del casero de la chancher\u00eda de los Sena, Gustavo Melgarejo.<\/p>\n<p>En su nueva comparecencia ante los fiscales, habr\u00eda indicado que el cuerpo de Cecilia Strzyzowski se encontrar\u00eda en un basural, sin conocerse por el momento mayores precisiones.<\/p>\n<p>Estos dichos seguramente activar\u00e1n nuevos rastrillajes con los que los investigadores intentar\u00e1n corroborarlos o descartarlos.<br \/>\nSus dichos anteriores, que llevaron a nuevos operativos en la zona del campo, no arrojaron resultados.<br \/>\n DIARIO NORTE.-<\/p>\n","protected":false},"excerpt":{"rendered":"<p>Se conocieron en las \u00faltimas horas detalles de la ampliaci\u00f3n de declaraci\u00f3n de imputado del casero de la chancher\u00eda de los Sena, Gustavo Melgarejo. En su nueva comparecencia ante los fiscales, habr\u00eda indicado que el cuerpo de Cecilia Strzyzowski se encontrar\u00eda en un basural, sin conocerse por el momento mayores precisiones. Estos dichos seguramente activar\u00e1n [&hellip;]<\/p>\n","protected":false},"author":1,"featured_media":22793,"comment_status":"closed","ping_status":"closed","sticky":false,"template":"","format":"standard","meta":{"footnotes":""},"categories":[6],"tags":[197],"class_list":{"0":"post-22792","1":"post","2":"type-post","3":"status-publish","4":"format-standard","5":"has-post-thumbnail","7":"category-chaco","8":"tag-destacada"},"_links":{"self":[{"href":"https:\/\/chacosintesis.com.ar\/index.php\/wp-json\/wp\/v2\/posts\/22792","targetHints":{"allow":["GET"]}}],"collection":[{"href":"https:\/\/chacosintesis.com.ar\/index.php\/wp-json\/wp\/v2\/posts"}],"about":[{"href":"https:\/\/chacosintesis.com.ar\/index.php\/wp-json\/wp\/v2\/types\/post"}],"author":[{"embeddable":true,"href":"https:\/\/chacosintesis.com.ar\/index.php\/wp-json\/wp\/v2\/users\/1"}],"replies":[{"embeddable":true,"href":"https:\/\/chacosintesis.com.ar\/index.php\/wp-json\/wp\/v2\/comments?post=22792"}],"version-history":[{"count":0,"href":"https:\/\/chacosintesis.com.ar\/index.php\/wp-json\/wp\/v2\/posts\/22792\/revisions"}],"wp:featuredmedia":[{"embeddable":true,"href":"https:\/\/chacosintesis.com.ar\/index.php\/wp-json\/wp\/v2\/media\/22793"}],"wp:attachment":[{"href":"https:\/\/chacosintesis.com.ar\/index.php\/wp-json\/wp\/v2\/media?parent=22792"}],"wp:term":[{"taxonomy":"category","embeddable":true,"href":"https:\/\/chacosintesis.com.ar\/index.php\/wp-json\/wp\/v2\/categories?post=22792"},{"taxonomy":"post_tag","embeddable":true,"href":"https:\/\/chacosintesis.com.ar\/index.php\/wp-json\/wp\/v2\/tags?post=22792"}],"curies":[{"name":"wp","href":"https:\/\/api.w.org\/{rel}","templated":true}]}}