{"id":22788,"date":"2023-06-15T16:09:37","date_gmt":"2023-06-15T19:09:37","guid":{"rendered":"https:\/\/chacosintesis.com.ar\/?p=22788"},"modified":"2023-06-15T16:36:40","modified_gmt":"2023-06-15T19:36:40","slug":"en-capitan-solari-con-anuncios-la-policia-del-chaco-celebro-70-anos-de-vida-institucional","status":"publish","type":"post","link":"https:\/\/chacosintesis.com.ar\/index.php\/en-capitan-solari-con-anuncios-la-policia-del-chaco-celebro-70-anos-de-vida-institucional\/","title":{"rendered":"En Capit\u00e1n Solari: Con anuncios, la Polic\u00eda del Chaco celebr\u00f3 70 a\u00f1os de vida institucional"},"content":{"rendered":"<p>Esta ma\u00f1ana se llev\u00f3 a cabo el acto, desfile y exhibici\u00f3n en homenaje a la creaci\u00f3n del cuerpo policial de la provincia, donde se realiz\u00f3 tambi\u00e9n la entrega de placas institucionales en reconocimiento por su labor hacia la comunidad.<br \/>\nEste jueves 15 de junio, en Capit\u00e1n Solari se realiz\u00f3 el acto, desfile y exhibici\u00f3n por el 70\u00b0 aniversario de la Polic\u00eda del Chaco. El festejo tuvo la entrega de reconocimientos por parte de las autoridades provinciales y policiales, as\u00ed como tambi\u00e9n se realizaron homenajes tanto a los oficiales ca\u00eddos como a todos los integrantes del cuerpo policial. El gobernador Jorge Capitanich anunci\u00f3 el incremento de la suma fija de refrigerio, la selecci\u00f3n de agentes para especializarse en b\u00fasqueda de personas y un proyecto de viviendas para la familia policial.<br \/>\nEn ese sentido, se entregaron ocho placas institucionales por las diferentes acciones realizadas por el bien de la comunidad. Los premiados fueron el joven Thiago Federico Rukavina, por su acci\u00f3n en Nueva Pompeya; el suboficial mayor Hugo Eduardo Ruiz, el cabo policial notario Soledad Betina y el agente Facundo Edgardo Gonz\u00e1lez por su desenvolvimiento social; el oficial principal primero Dar\u00edo David L\u00f3pez Garc\u00eda, el sargento primero Italoargentino Rojas, el cabo primero Pedro Dar\u00edo Barrios, el cabo Lucas Mario Caba\u00f1as y la agente Lourdes Florencia Niz por su desenvolvimiento social y los procedimientos realizados.<br \/>\nEl acto cont\u00f3 con la participaci\u00f3n del gobernador, Jorge Capitanich; la vicegobernadora, Anal\u00eda Rach Quiroga; la ministra de Seguridad y Justicia, Gloria Beatriz Zalazar, el ministro de Planificaci\u00f3n, Econom\u00eda e Infraestructura, Santiago P\u00e9rez Pons y el intendente de Capit\u00e1n Solari, Guillermo Nicanor Areco. Asimismo, el gobernador le entreg\u00f3 una placa institucional al jefe de polic\u00eda, el comisario general retirado, Ariel Alejandro Acu\u00f1a.<br \/>\nEn este sentido, Acu\u00f1a agradeci\u00f3 el compromiso y la dedicaci\u00f3n de todo el cuerpo policial para con el cumplimiento de la labor. \u201cLo \u00fanico que hacemos es trabajar en la defensa del pr\u00f3jimo. Es para lo que servimos, es lo que hacemos: brindar seguridad\u201d, manifest\u00f3. No obstante, tambi\u00e9n se refiri\u00f3 al caso de Cecilia Strzyzowski. \u201cHay casos que son de p\u00fablico conocimiento. La polic\u00eda se gu\u00eda por c\u00f3digos y procedimientos. Somos auxiliares de la justicia. Tratamos de dar justicia, tratamos de ser justos, esa es la orden del poder ejecutivo\u201d, expres\u00f3 Acu\u00f1a, y a\u00f1adi\u00f3: \u201cLamentamos que haya v\u00edctimas y trabajamos todos los d\u00edas para que eso no pase\u201d.<br \/>\nPor \u00faltimo, el gobernador Capitanich anunci\u00f3 mejoras en el rubro destac\u00e1ndose tanto el Decreto N\u00b01.556 sobre el incremento escalonado de la suma mensual fija no remunerativa y no bonificable destinada a cumplimentar el servicio de desayuno y merienda para el personal de la provincia, como tambi\u00e9n el decreto que busca garantizar la estabilidad laboral del sistema de selecci\u00f3n de 34 agentes policiales especializados en la b\u00fasqueda de personas desaparecidas y extraviadas. Otro de los anuncios destacados fue el plan de cinco a\u00f1os de refacci\u00f3n de comisar\u00edas, infraestructura funcional para el sector y, sobre todo, el acceso progresivo a una vivienda digna para el personal policial. Adem\u00e1s, destac\u00f3 los 2.162 ascensos policiales realizados y la incorporaci\u00f3n de nuevos agentes, as\u00ed como tambi\u00e9n un decreto para la formaci\u00f3n comunitaria. Tambi\u00e9n record\u00f3 las mejoras realizadas durante la gesti\u00f3n orientadas en la infraestructura de seguridad, adem\u00e1s del abastecimiento de equipamiento, uniformes y dem\u00e1s recursos e inversiones en alta tecnolog\u00eda para la fiscalizaci\u00f3n, detecci\u00f3n de delitos y un mayor fortalecimiento de los agentes de seguridad.<\/p>\n","protected":false},"excerpt":{"rendered":"<p>Esta ma\u00f1ana se llev\u00f3 a cabo el acto, desfile y exhibici\u00f3n en homenaje a la creaci\u00f3n del cuerpo policial de la provincia, donde se realiz\u00f3 tambi\u00e9n la entrega de placas institucionales en reconocimiento por su labor hacia la comunidad. Este jueves 15 de junio, en Capit\u00e1n Solari se realiz\u00f3 el acto, desfile y exhibici\u00f3n por [&hellip;]<\/p>\n","protected":false},"author":1,"featured_media":22789,"comment_status":"closed","ping_status":"closed","sticky":false,"template":"","format":"standard","meta":{"footnotes":""},"categories":[6],"tags":[],"class_list":{"0":"post-22788","1":"post","2":"type-post","3":"status-publish","4":"format-standard","5":"has-post-thumbnail","7":"category-chaco"},"_links":{"self":[{"href":"https:\/\/chacosintesis.com.ar\/index.php\/wp-json\/wp\/v2\/posts\/22788","targetHints":{"allow":["GET"]}}],"collection":[{"href":"https:\/\/chacosintesis.com.ar\/index.php\/wp-json\/wp\/v2\/posts"}],"about":[{"href":"https:\/\/chacosintesis.com.ar\/index.php\/wp-json\/wp\/v2\/types\/post"}],"author":[{"embeddable":true,"href":"https:\/\/chacosintesis.com.ar\/index.php\/wp-json\/wp\/v2\/users\/1"}],"replies":[{"embeddable":true,"href":"https:\/\/chacosintesis.com.ar\/index.php\/wp-json\/wp\/v2\/comments?post=22788"}],"version-history":[{"count":0,"href":"https:\/\/chacosintesis.com.ar\/index.php\/wp-json\/wp\/v2\/posts\/22788\/revisions"}],"wp:featuredmedia":[{"embeddable":true,"href":"https:\/\/chacosintesis.com.ar\/index.php\/wp-json\/wp\/v2\/media\/22789"}],"wp:attachment":[{"href":"https:\/\/chacosintesis.com.ar\/index.php\/wp-json\/wp\/v2\/media?parent=22788"}],"wp:term":[{"taxonomy":"category","embeddable":true,"href":"https:\/\/chacosintesis.com.ar\/index.php\/wp-json\/wp\/v2\/categories?post=22788"},{"taxonomy":"post_tag","embeddable":true,"href":"https:\/\/chacosintesis.com.ar\/index.php\/wp-json\/wp\/v2\/tags?post=22788"}],"curies":[{"name":"wp","href":"https:\/\/api.w.org\/{rel}","templated":true}]}}