{"id":22786,"date":"2023-06-15T16:06:55","date_gmt":"2023-06-15T19:06:55","guid":{"rendered":"https:\/\/chacosintesis.com.ar\/?p=22786"},"modified":"2023-06-15T16:36:39","modified_gmt":"2023-06-15T19:36:39","slug":"ministerio-de-educacion-371-escuelas-en-toda-la-provincia-seran-afectadas-para-las-elecciones-paso","status":"publish","type":"post","link":"https:\/\/chacosintesis.com.ar\/index.php\/ministerio-de-educacion-371-escuelas-en-toda-la-provincia-seran-afectadas-para-las-elecciones-paso\/","title":{"rendered":"Ministerio de educacion: 371 escuelas en toda la provincia ser\u00e1n afectadas para las elecciones PASO"},"content":{"rendered":"<p>El mi\u00e9rcoles 21 de junio, luego de los feriados previstos para el lunes y martes, las escuelas afectadas a las elecciones no tendr\u00e1n clases en el turno ma\u00f1ana para concretar las tareas de limpieza correspondientes. En caso de instituciones de jornada completa, las actividades se suspender\u00e1n durante toda la jornada.<br \/>\nEl Ministerio de Educaci\u00f3n dispuso 371 establecimientos escolares, de gesti\u00f3n p\u00fablica y privada, para las elecciones Primarias Abiertas Simult\u00e1neas y Obligatorias (PASO) que se desarrollar\u00e1n este domingo 18 en toda la provincia. Se suma tambi\u00e9n la sede de la Universidad Nacional del Chaco Austral (Uncaus), en Presidencia Roque S\u00e1enz Pe\u00f1a.<br \/>\nLa selecci\u00f3n de estas escuelas surge de un trabajo realizado junto a las Direcciones Regionales, a partir de un padr\u00f3n provisorio oportunamente enviado por la Junta Electoral. \u201cPara disponer de las instituciones en \u00f3ptimas condiciones, desde marzo a la fecha se realizaron las intervenciones y los arreglos edilicios necesarios en cada edificio escolar\u201d, indic\u00f3 el director general de Gesti\u00f3n Educativa, Enrique Soto.<br \/>\nEl mi\u00e9rcoles 21 de junio, luego del fin de semana largo por el D\u00eda de la Bandera y feriado puente, no habr\u00e1 actividades \u00e1ulicas en las escuelas afectadas a las PASO a fin de llevar a cabo las tareas de limpieza e higiene imprescindibles para dejar los espacios nuevamente en las mejores condiciones.<br \/>\nEn instituciones de jornada completa las clases se suspender\u00e1n durante toda la jornada mientras que en escuelas de jornada simple solo el turno ma\u00f1ana suspender\u00e1 sus actividades. En las dem\u00e1s instituciones educativas de la provincia, no afectadas al acto eleccionario, las clases retomar\u00e1n con normalidad el d\u00eda mi\u00e9rcoles.<br \/>\nEn las PASO las y los ciudadanos eligen sus candidatas y candidatos a gobernador\/a y vicegobernador\/a, legisladores provinciales, intendentes y concejales, con miras a las elecciones generales, a desarrollarse en septiembre pr\u00f3ximo. El voto es obligatorio para mayores de 18 a\u00f1os y menores de 70 a\u00f1os. La votaci\u00f3n comenzar\u00e1 a las 8 y terminar\u00e1 a las 18<\/p>\n","protected":false},"excerpt":{"rendered":"<p>El mi\u00e9rcoles 21 de junio, luego de los feriados previstos para el lunes y martes, las escuelas afectadas a las elecciones no tendr\u00e1n clases en el turno ma\u00f1ana para concretar las tareas de limpieza correspondientes. En caso de instituciones de jornada completa, las actividades se suspender\u00e1n durante toda la jornada. El Ministerio de Educaci\u00f3n dispuso [&hellip;]<\/p>\n","protected":false},"author":1,"featured_media":22787,"comment_status":"closed","ping_status":"closed","sticky":false,"template":"","format":"standard","meta":{"footnotes":""},"categories":[6],"tags":[],"class_list":{"0":"post-22786","1":"post","2":"type-post","3":"status-publish","4":"format-standard","5":"has-post-thumbnail","7":"category-chaco"},"_links":{"self":[{"href":"https:\/\/chacosintesis.com.ar\/index.php\/wp-json\/wp\/v2\/posts\/22786","targetHints":{"allow":["GET"]}}],"collection":[{"href":"https:\/\/chacosintesis.com.ar\/index.php\/wp-json\/wp\/v2\/posts"}],"about":[{"href":"https:\/\/chacosintesis.com.ar\/index.php\/wp-json\/wp\/v2\/types\/post"}],"author":[{"embeddable":true,"href":"https:\/\/chacosintesis.com.ar\/index.php\/wp-json\/wp\/v2\/users\/1"}],"replies":[{"embeddable":true,"href":"https:\/\/chacosintesis.com.ar\/index.php\/wp-json\/wp\/v2\/comments?post=22786"}],"version-history":[{"count":0,"href":"https:\/\/chacosintesis.com.ar\/index.php\/wp-json\/wp\/v2\/posts\/22786\/revisions"}],"wp:featuredmedia":[{"embeddable":true,"href":"https:\/\/chacosintesis.com.ar\/index.php\/wp-json\/wp\/v2\/media\/22787"}],"wp:attachment":[{"href":"https:\/\/chacosintesis.com.ar\/index.php\/wp-json\/wp\/v2\/media?parent=22786"}],"wp:term":[{"taxonomy":"category","embeddable":true,"href":"https:\/\/chacosintesis.com.ar\/index.php\/wp-json\/wp\/v2\/categories?post=22786"},{"taxonomy":"post_tag","embeddable":true,"href":"https:\/\/chacosintesis.com.ar\/index.php\/wp-json\/wp\/v2\/tags?post=22786"}],"curies":[{"name":"wp","href":"https:\/\/api.w.org\/{rel}","templated":true}]}}