{"id":22784,"date":"2023-06-15T16:05:22","date_gmt":"2023-06-15T19:05:22","guid":{"rendered":"https:\/\/chacosintesis.com.ar\/?p=22784"},"modified":"2023-06-15T16:07:09","modified_gmt":"2023-06-15T19:07:09","slug":"coaliciones-electorales-se-presentaron-las-alianzas-de-partidos-para-diputados-nacionales-en-el-chaco","status":"publish","type":"post","link":"https:\/\/chacosintesis.com.ar\/index.php\/coaliciones-electorales-se-presentaron-las-alianzas-de-partidos-para-diputados-nacionales-en-el-chaco\/","title":{"rendered":"Coaliciones electorales: Se presentaron las alianzas de partidos para diputados nacionales en el Chaco"},"content":{"rendered":"<p>El oficialismo cambi\u00f3 de marca electoral y va con la denominaci\u00f3n de Uni\u00f3n por la Patria. Se conocieron tambi\u00e9n las alianzas presentadas por La Libertad Avanza y Juntos por el Cambio.<br \/>\nEn el marco de lo que fue ayer el cierre de alianzas, se conoci\u00f3 como quedaron conformadas las coaliciones de partidos de cara a los pr\u00f3ximos comicios. En la provincia del Chaco las alianzas que se presentaron para  diputados nacionales  son : Alianza \u201cLa Libertad Avanza\u201d,  Alianza \u201cUni\u00f3n por la Patria\u201d y Alianza \u201cJuntos por el Cambio\u201d.<br \/>\nSe destaca que el frente que impulsa el peronismo dio a conocer  su nueva marca electoral, que marc\u00f3 el fin de la denominaci\u00f3n &#8220;Frente de Todos&#8221; y suma, para la nueva campa\u00f1a, los conceptos de unidad (Uni\u00f3n) y la defensa de los intereses nacionales (Patria).<br \/>\nAs\u00ed a escasas horas del cierre del plazo para la presentaci\u00f3n de las alianzas, que venci\u00f3 ayer a la medianoche,  el oficialismo present\u00f3 Uni\u00f3n por la Patria, el nombre con el que la coalici\u00f3n encabezada por el Partido Justicialista se presentar\u00e1 a las elecciones de octubre, y lleg\u00f3 a un acuerdo interno, tras una jornada de tensi\u00f3n, para la representaci\u00f3n de las minor\u00edas en las listas, por lo que no se descarta que la negociaci\u00f3n concluya con una competencia interna en las PASO a nivel nacional.<\/p>\n<p>Alianzas<br \/>\nLas alianzas para diputados nacionales en Chaco<br \/>\n\u25b6 1\u00b0 ALIANZA<br \/>\n\u201cLA LIBERTAD AVANZA\u201d<br \/>\n1- PARTIDO \u201cCIUDADANOS A GOBERNAR\u201d<br \/>\n2-PARTIDO \u201cACCION CHAQUE\u00d1A\u201d<br \/>\n\u25b6 2\u00b0 ALIANZA &#8220;UNI\u00d3N POR LA PATRIA\u201d<br \/>\n1. PARTIDO JUSTICIALISTA<br \/>\n2. PARTIDO FRENTE GRANDE<br \/>\n3. PARTIDO DE LA VICTORIA<br \/>\n4. PARTIDO KOLINA<br \/>\n5. PARTIDO DEL TRABAJO Y DEL PUEBLO<br \/>\n6. PARTIDO DE LA CONCERTACI\u00d3N FORJA<br \/>\n7. PARTIDO FE<br \/>\n8. PARTIDO FRENTE RENOVADOR<br \/>\n9. PARTIDO FRENTE PARA EL CAMBIO<br \/>\n10. PARTIDO CAUSA REPARADORA  (CAR)<br \/>\n11. PROYECTO SUR CHACO<br \/>\n12. PARTIDO CORRIENTE MART\u00cdN FIERRO (CMF)<br \/>\n13. PARTIDO PROYECTO POPULAR (P.P)<br \/>\n14. PARTIDO NUEVO ESPACIO DE PARTICIPACI\u00d3N (NEPAR)<br \/>\n15. PARTIDO CORRIENTE DE PENSAMIENTO BONAERENSE (CO.PE.BO)<br \/>\n\u25b6 3\u00b0 ALIANZA &#8220;JUNTOS POR EL CAMBIO\u201d<br \/>\n1- UNI\u00d3N C\u00cdVICA RADICAL<br \/>\n2- COALICION CIVICA \u2013AFIRMACION PARA UNA REPUBLICA IGUALITARIA (ARI)<br \/>\n3-PARTIDO BASES Y PRINCIPIOS DEL CHACO<br \/>\n4- PRO &#8211; PROPUESTA REPUBLICANA<br \/>\n5- PARTIDO SOCIALISTA<br \/>\n6- PARTIDO RENOVADOR FEDERAL<br \/>\n7- PARTIDO RENOVADOR AUT\u00c9NTICO<br \/>\n8- PARTIDO UNIR<\/p>\n","protected":false},"excerpt":{"rendered":"<p>El oficialismo cambi\u00f3 de marca electoral y va con la denominaci\u00f3n de Uni\u00f3n por la Patria. Se conocieron tambi\u00e9n las alianzas presentadas por La Libertad Avanza y Juntos por el Cambio. En el marco de lo que fue ayer el cierre de alianzas, se conoci\u00f3 como quedaron conformadas las coaliciones de partidos de cara a [&hellip;]<\/p>\n","protected":false},"author":1,"featured_media":22785,"comment_status":"closed","ping_status":"closed","sticky":false,"template":"","format":"standard","meta":{"footnotes":""},"categories":[6],"tags":[],"class_list":{"0":"post-22784","1":"post","2":"type-post","3":"status-publish","4":"format-standard","5":"has-post-thumbnail","7":"category-chaco"},"_links":{"self":[{"href":"https:\/\/chacosintesis.com.ar\/index.php\/wp-json\/wp\/v2\/posts\/22784","targetHints":{"allow":["GET"]}}],"collection":[{"href":"https:\/\/chacosintesis.com.ar\/index.php\/wp-json\/wp\/v2\/posts"}],"about":[{"href":"https:\/\/chacosintesis.com.ar\/index.php\/wp-json\/wp\/v2\/types\/post"}],"author":[{"embeddable":true,"href":"https:\/\/chacosintesis.com.ar\/index.php\/wp-json\/wp\/v2\/users\/1"}],"replies":[{"embeddable":true,"href":"https:\/\/chacosintesis.com.ar\/index.php\/wp-json\/wp\/v2\/comments?post=22784"}],"version-history":[{"count":0,"href":"https:\/\/chacosintesis.com.ar\/index.php\/wp-json\/wp\/v2\/posts\/22784\/revisions"}],"wp:featuredmedia":[{"embeddable":true,"href":"https:\/\/chacosintesis.com.ar\/index.php\/wp-json\/wp\/v2\/media\/22785"}],"wp:attachment":[{"href":"https:\/\/chacosintesis.com.ar\/index.php\/wp-json\/wp\/v2\/media?parent=22784"}],"wp:term":[{"taxonomy":"category","embeddable":true,"href":"https:\/\/chacosintesis.com.ar\/index.php\/wp-json\/wp\/v2\/categories?post=22784"},{"taxonomy":"post_tag","embeddable":true,"href":"https:\/\/chacosintesis.com.ar\/index.php\/wp-json\/wp\/v2\/tags?post=22784"}],"curies":[{"name":"wp","href":"https:\/\/api.w.org\/{rel}","templated":true}]}}