{"id":22782,"date":"2023-06-15T16:02:31","date_gmt":"2023-06-15T19:02:31","guid":{"rendered":"https:\/\/chacosintesis.com.ar\/?p=22782"},"modified":"2023-06-15T16:07:08","modified_gmt":"2023-06-15T19:07:08","slug":"capitanich-superviso-las-obras-de-ampliacion-de-santana-textil-y-de-la-firma-zirka-en-el-parque-industrial-de-puerto-tirol","status":"publish","type":"post","link":"https:\/\/chacosintesis.com.ar\/index.php\/capitanich-superviso-las-obras-de-ampliacion-de-santana-textil-y-de-la-firma-zirka-en-el-parque-industrial-de-puerto-tirol\/","title":{"rendered":"Capitanich supervis\u00f3 las obras de ampliaci\u00f3n de Santana Textil y de la firma Zirka en el parque industrial de Puerto Tirol"},"content":{"rendered":"<p>Ambas firmas cuentan con el acompa\u00f1amiento del Gobierno a trav\u00e9s de exenciones impositivas y financiamiento directo. Diversificar\u00e1n su producci\u00f3n, ampliar\u00e1n su capacidad instalada y generar\u00e1n m\u00e1s empleos.<br \/>\nEl gobernador Jorge Capitanich, junto al ministro de Producci\u00f3n, Industria y Empleo, Sebasti\u00e1n Lifton, recorri\u00f3 este jueves el parque industrial de Puerto Tirol, donde visit\u00f3 las instalaciones de Santana Textil Chaco y de Ovni snacks, de la firma Zirka. Ambas empresas cuentan con el acompa\u00f1amiento de la Provincia a trav\u00e9s del r\u00e9gimen de promoci\u00f3n industrial y de la l\u00ednea estrat\u00e9gica de financiamiento Chaco Reactiva.<br \/>\nGracias a este respaldo, Santana lleva adelante una obra de ampliaci\u00f3n de 6.000 metros cuadrados cubiertos para incrementar la capacidad productiva de tela denim: podr\u00e1 expandir su capacidad instalada alcanzando casi 20 millones de metros lineales de tela al a\u00f1o y casi 5 millones de kilos de hilo de algod\u00f3n al a\u00f1o.<br \/>\nLa obra demanda una inversi\u00f3n de 6 mil millones de pesos y permitir\u00e1 incorporar 312 operarias y operarios, ampliando su planta a 800 trabajadores.<br \/>\nPor su parte, la planta de la marca Ovni, productora de snacks, proyecta una inversi\u00f3n de 230 millones de pesos para la ampliaci\u00f3n de la planta y la adquisici\u00f3n de equipamiento. Se trata de equipos de molienda de ma\u00edz, b\u00e1sculas de camiones, silos para el acopio de granos y una nueva nave de dep\u00f3sito.<br \/>\nEn una primera instancia el molino producir\u00e1 harinas de ma\u00edz, polentas y trozos de ma\u00edz para la elaboraci\u00f3n de cereales de desayuno, llegando a procesar 1.000 toneladas mensuales de materia prima. Tendr\u00e1 versatilidad para procesar arroz, garbanzos, lentejas, porotos y otras legumbres. En una segunda etapa se proyecta desarrollar harinas alternativas a las tradicionales.<br \/>\nEl presidente de la firma Ovni, Iv\u00e1n Saczuk, inform\u00f3 que la obra estar\u00e1 finalizada en septiembre, incorporando seis empleos por turno que se sumar\u00e1n a los 30 trabajadores actuales. Con esta inversi\u00f3n la planta podr\u00e1 autoabastecerse de materia prima, ya que actualmente la trae de C\u00f3rdoba y Santa Fe.<br \/>\n&#8220;Santana con la transformaci\u00f3n de algod\u00f3n, al igual que Zirka con la transformaci\u00f3n de ma\u00edz, combinan productos de origen local, generan valor agregado en origen y fuentes de empleo. Productos que se comercializan en la provincia y que vuelven a tener un eslab\u00f3n industrial muy importante desde Puerto Tirol&#8221;, destac\u00f3 Lifton.<\/p>\n<p>Pol\u00edticas p\u00fablicas para trabajadoras y trabajadores<\/p>\n<p>Tras la recorrida, de la que tambi\u00e9n particip\u00f3 el diputado Hugo Sager, el ministro Lifton inform\u00f3 que, en el marco del desarrollo de la industria textil se realizan aulas talleres itinerantes. El objetivo es formar personas en confecci\u00f3n y utilizaci\u00f3n de m\u00e1quinas industriales, lo que permitir\u00e1 a las y los trabajadores mejorar sus condiciones de empleabilidad, as\u00ed como adaptarse a las demandas de la industria textil.<br \/>\nEsta ma\u00f1ana en el parque industrial de Puerto Tirol, un total de 22 trabajadoras se estaban capacitando con la profesora Claudia Barbetti en el manejo de m\u00e1quinas de coser industrial. Ya se est\u00e1n terminando los primeros tres cursos, que tuvieron una duraci\u00f3n de tres meses, y pr\u00f3ximamente se abrir\u00e1 un segundo llamado a inscripci\u00f3n para completar otros tres grupos.<\/p>\n<p>Nuevas empresas marcan el crecimiento del Parque Industrial<\/p>\n<p>El parque industrial de Puerto Tirol tiene un gran horizonte de crecimiento, se suman nuevos proyectos como la instalaci\u00f3n de una f\u00e1brica de pallet de la firma Pelynio. Se trata de la segunda planta de la empresa que se encuentra radicada en Presidencia Roque S\u00e1enz Pe\u00f1a.<br \/>\nAdem\u00e1s, una planta para procesamiento de papel de la firma Yedra, que comenz\u00f3 las obras de infraestructura para su instalaci\u00f3n y en poco tiempo recibir\u00e1 el equipamiento importado para poner en marcha la producci\u00f3n.<br \/>\nSe incorporan, tambi\u00e9n, la Gen\u00e9tica del Litoral cuya planta elaborar\u00e1 sueros para animales; la firma Wetala que fabrica muebles de oficina; y la empresa Santiano que fabrica materiales de construcci\u00f3n para el final de obra, artefactos sanitarios, revestimientos para piso y pared, interiores y exteriores.<\/p>\n","protected":false},"excerpt":{"rendered":"<p>Ambas firmas cuentan con el acompa\u00f1amiento del Gobierno a trav\u00e9s de exenciones impositivas y financiamiento directo. Diversificar\u00e1n su producci\u00f3n, ampliar\u00e1n su capacidad instalada y generar\u00e1n m\u00e1s empleos. El gobernador Jorge Capitanich, junto al ministro de Producci\u00f3n, Industria y Empleo, Sebasti\u00e1n Lifton, recorri\u00f3 este jueves el parque industrial de Puerto Tirol, donde visit\u00f3 las instalaciones de [&hellip;]<\/p>\n","protected":false},"author":1,"featured_media":22783,"comment_status":"closed","ping_status":"closed","sticky":false,"template":"","format":"standard","meta":{"footnotes":""},"categories":[6],"tags":[],"class_list":{"0":"post-22782","1":"post","2":"type-post","3":"status-publish","4":"format-standard","5":"has-post-thumbnail","7":"category-chaco"},"_links":{"self":[{"href":"https:\/\/chacosintesis.com.ar\/index.php\/wp-json\/wp\/v2\/posts\/22782","targetHints":{"allow":["GET"]}}],"collection":[{"href":"https:\/\/chacosintesis.com.ar\/index.php\/wp-json\/wp\/v2\/posts"}],"about":[{"href":"https:\/\/chacosintesis.com.ar\/index.php\/wp-json\/wp\/v2\/types\/post"}],"author":[{"embeddable":true,"href":"https:\/\/chacosintesis.com.ar\/index.php\/wp-json\/wp\/v2\/users\/1"}],"replies":[{"embeddable":true,"href":"https:\/\/chacosintesis.com.ar\/index.php\/wp-json\/wp\/v2\/comments?post=22782"}],"version-history":[{"count":0,"href":"https:\/\/chacosintesis.com.ar\/index.php\/wp-json\/wp\/v2\/posts\/22782\/revisions"}],"wp:featuredmedia":[{"embeddable":true,"href":"https:\/\/chacosintesis.com.ar\/index.php\/wp-json\/wp\/v2\/media\/22783"}],"wp:attachment":[{"href":"https:\/\/chacosintesis.com.ar\/index.php\/wp-json\/wp\/v2\/media?parent=22782"}],"wp:term":[{"taxonomy":"category","embeddable":true,"href":"https:\/\/chacosintesis.com.ar\/index.php\/wp-json\/wp\/v2\/categories?post=22782"},{"taxonomy":"post_tag","embeddable":true,"href":"https:\/\/chacosintesis.com.ar\/index.php\/wp-json\/wp\/v2\/tags?post=22782"}],"curies":[{"name":"wp","href":"https:\/\/api.w.org\/{rel}","templated":true}]}}