{"id":22768,"date":"2023-06-15T15:46:29","date_gmt":"2023-06-15T18:46:29","guid":{"rendered":"https:\/\/chacosintesis.com.ar\/?p=22768"},"modified":"2023-06-15T16:07:03","modified_gmt":"2023-06-15T19:07:03","slug":"marchade-antorchas-el-pedido-desde-el-corazon-de-resistencia-que-clamo-una-multitud-justicia-por-cecilia","status":"publish","type":"post","link":"https:\/\/chacosintesis.com.ar\/index.php\/marchade-antorchas-el-pedido-desde-el-corazon-de-resistencia-que-clamo-una-multitud-justicia-por-cecilia\/","title":{"rendered":"Marchade Antorchas: El pedido desde el coraz\u00f3n de Resistencia que clam\u00f3 una multitud: \u201cJusticia por Cecilia\u201d"},"content":{"rendered":"<p>En el m\u00e1stil mayor de la Plaza 25 de Mayo de Resistencia, como en otras localidades de la provincia y ciudades del pa\u00eds, una multitud pidi\u00f3 por Justicia. Gloria Romero, la madre de la joven, encabez\u00f3 la concentraci\u00f3n, y agradeci\u00f3 el acompa\u00f1amiento y la fuerza de la gente.<br \/>\nUna noche fr\u00eda e iluminada con velas, un dolor que atraviesa sin l\u00edmites a todas y todos los chaque\u00f1os, y un pedido que uni\u00f3 cientos de voces: \u201cJusticia por Cecilia\u201d.<br \/>\nMujeres y hombres de todas las edades acompa\u00f1aron este mi\u00e9rcoles a Gloria Romero, quien, junto a sus familiares y abogados que la representan, pidi\u00f3 el esclarecimiento del hecho que tiene a su hija desaparecida desde hace 13 d\u00edas.<br \/>\nLa convocatoria de la familia de Cecilia Strzyzowski se concentr\u00f3, desde poco antes de las 20, en el m\u00e1stil mayor de la plaza 25 de Mayo, en avenida 9 de Julio y calle G\u00fcemes de Resistencia.<br \/>\nAl grito inicial de \u201cjusticia\u201d, se agreg\u00f3 enseguida otro con la misma contundencia y unanimidad: \u201cAsesinos\u201d y \u201cPerpetua para el clan Sena\u201d, en referencia a los dirigentes sociales Emerenciano Sena y Marcela Acu\u00f1a, quienes junto a su hijo C\u00e9sar son tres de los siete detenidos que tiene el caso hasta el momento.<br \/>\nEn los cientos de carteles, muchos de color violeta, se le\u00edan frases como \u201cCallaron a Ceci, despertaron al pueblo\u201d; \u201cSomos las voces de las que no pueden gritar\u201d; \u201cSi ellas no est\u00e1n, no estamos todas\u201d; \u201cQue ser mujer no nos cueste la vida\u201d; \u201cNos quitaron tanto que acabaron quit\u00e1ndonos el miedo\u201d y \u201c\u00bfQu\u00e9 hicieron con Cecilia?\u201d. Hab\u00eda tambi\u00e9n varias banderas argentinas y de la provincia del Chaco.<br \/>\nJunto a Gloria tambi\u00e9n estuvieron en el lugar madres y padres del dolor, como los de Emiliano Romero, una v\u00edctima de la violencia; y el di\u00e1cono Jos\u00e9 Flores, que respaldo la convocatoria en nombre del arzobispo de la ciudad.<br \/>\nFue poco m\u00e1s de una hora de concentraci\u00f3n en la zona de la principal plaza de Resistencia, que luego dio paso a la desconcentraci\u00f3n. Pero antes, la cantante Melyna Enriquez enton\u00f3 \u201cCanci\u00f3n sin miedo\u201d, en una versi\u00f3n que desde hoy se viraliz\u00f3 a trav\u00e9s de las redes sociales y agreg\u00f3 una nueva cuota de emoci\u00f3n: \u201c\u2026hoy a las mujeres nos quitan la calma, nos sembraron miedo, nos crecieron alas\u2026\u201d, dice una parte de la letra que identifica la lucha de los feminismos y la defensa de los derechos de las mujeres.<br \/>\n\u201cTrato de tener fuerza, pero con las hip\u00f3tesis que hay circulando, es muy dif\u00edcil\u201d, confes\u00f3 Gloria, en las palabras finales que comparti\u00f3 con los cientos de personas que la acompa\u00f1aron y fortalecieron.<br \/>\nCon la gente, comparti\u00f3 tambi\u00e9n una descripci\u00f3n tan sentida como emotiva sobre su hija Cecilia, para que todos y todas pudieran conocerla un poco m\u00e1s: \u201cMiro la foto y veo a una nena que bailaba todo el tiempo, que siempre estaba como una campanita alegre, que te hac\u00eda re\u00edr hasta en un velorio. Porque ella, en este momento, estar\u00eda haciendo chistes sobre su muerte. Cecilia era as\u00ed, como una comedia bizarra. Era una chica que hac\u00eda chistes las 24 horas, que ten\u00eda una alegr\u00eda y una energ\u00eda desbordantes; quer\u00eda salvar el mundo\u201d.<br \/>\nCecilia fue vista por \u00faltima vez el viernes 2 de junio, cuando una c\u00e1mara de seguridad la muestra ingresando a la vivienda de los padres de su pareja, en Santa Mar\u00eda de Oro al 1460 de Resistencia.<br \/>\nPor este caso, est\u00e1n detenidos C\u00e9sar Sena, pareja de Cecilia, Emerenciano Sena y Marcela Acu\u00f1a, padre y madre del joven; adem\u00e1s de cuatro colaboradores de la familia. La causa fue caratulada como \u201cSena, C\u00e9sar Mar\u00eda Alejandro y otros s\/ femicidio\u201d.<\/p>\n","protected":false},"excerpt":{"rendered":"<p>En el m\u00e1stil mayor de la Plaza 25 de Mayo de Resistencia, como en otras localidades de la provincia y ciudades del pa\u00eds, una multitud pidi\u00f3 por Justicia. Gloria Romero, la madre de la joven, encabez\u00f3 la concentraci\u00f3n, y agradeci\u00f3 el acompa\u00f1amiento y la fuerza de la gente. Una noche fr\u00eda e iluminada con velas, [&hellip;]<\/p>\n","protected":false},"author":1,"featured_media":22769,"comment_status":"closed","ping_status":"closed","sticky":false,"template":"","format":"standard","meta":{"footnotes":""},"categories":[6],"tags":[],"class_list":{"0":"post-22768","1":"post","2":"type-post","3":"status-publish","4":"format-standard","5":"has-post-thumbnail","7":"category-chaco"},"_links":{"self":[{"href":"https:\/\/chacosintesis.com.ar\/index.php\/wp-json\/wp\/v2\/posts\/22768","targetHints":{"allow":["GET"]}}],"collection":[{"href":"https:\/\/chacosintesis.com.ar\/index.php\/wp-json\/wp\/v2\/posts"}],"about":[{"href":"https:\/\/chacosintesis.com.ar\/index.php\/wp-json\/wp\/v2\/types\/post"}],"author":[{"embeddable":true,"href":"https:\/\/chacosintesis.com.ar\/index.php\/wp-json\/wp\/v2\/users\/1"}],"replies":[{"embeddable":true,"href":"https:\/\/chacosintesis.com.ar\/index.php\/wp-json\/wp\/v2\/comments?post=22768"}],"version-history":[{"count":0,"href":"https:\/\/chacosintesis.com.ar\/index.php\/wp-json\/wp\/v2\/posts\/22768\/revisions"}],"wp:featuredmedia":[{"embeddable":true,"href":"https:\/\/chacosintesis.com.ar\/index.php\/wp-json\/wp\/v2\/media\/22769"}],"wp:attachment":[{"href":"https:\/\/chacosintesis.com.ar\/index.php\/wp-json\/wp\/v2\/media?parent=22768"}],"wp:term":[{"taxonomy":"category","embeddable":true,"href":"https:\/\/chacosintesis.com.ar\/index.php\/wp-json\/wp\/v2\/categories?post=22768"},{"taxonomy":"post_tag","embeddable":true,"href":"https:\/\/chacosintesis.com.ar\/index.php\/wp-json\/wp\/v2\/tags?post=22768"}],"curies":[{"name":"wp","href":"https:\/\/api.w.org\/{rel}","templated":true}]}}