{"id":22766,"date":"2023-06-15T15:43:51","date_gmt":"2023-06-15T18:43:51","guid":{"rendered":"https:\/\/chacosintesis.com.ar\/?p=22766"},"modified":"2023-06-15T16:07:00","modified_gmt":"2023-06-15T19:07:00","slug":"caso-cecilia-strzyzowski-luego-de-horas-de-allanamientos-secuestraron-elementos-de-interes-en-la-causa","status":"publish","type":"post","link":"https:\/\/chacosintesis.com.ar\/index.php\/caso-cecilia-strzyzowski-luego-de-horas-de-allanamientos-secuestraron-elementos-de-interes-en-la-causa\/","title":{"rendered":"Caso Cecilia Strzyzowski: Luego de horas de allanamientos, secuestraron elementos de inter\u00e9s en la causa"},"content":{"rendered":"<p>Los procedimientos fueron realizados a partir del testimonio de Gustavo Melgarejo, el \u00fanico de los siete detenidos que declar\u00f3. El Equipo Fiscal Especial aclar\u00f3 que a\u00fan no est\u00e1n listos los resultados sobre las muestras de sangre recolectadas en la casa de la familia Sena.<br \/>\nEl Superior Triubunal de Justicia del Chaco comunic\u00f3 que luego de los allanamientos realizados durante este mi\u00e9rcoles, se secuestraron elementos de inter\u00e9s en el marco de la causa 22.632\/2023-1 \u201cSena, C\u00e9sar Mario Alejandro y otros s\/ femicidio\u201d en la que se investiga la muerte de Cecilia Strzyzowski.<br \/>\nLos procedimientos estuvieron encabezados por el fiscal Jorge C\u00e1ceres Olivera y fueron motivados a partir de la testimonial que brind\u00f3 Gustavo Melgarejo en la tarde del martes. \u00c9l fue el \u00fanico de los siete detenidos que declar\u00f3, los restantes hicieron uso del derecho de abstenerse ante el Equipo Fiscal Especial que tambi\u00e9n integran Jorge G\u00f3mez y Nelia Vel\u00e1zquez.<br \/>\nEl primer procedimiento tuvo lugar en la zona rural de Puerto Tirol en un sitio de Campo Rossi conocido como \u201cGranjita Abuela Ema\u201d, a aproximadamente cinco kil\u00f3metros y medio de la ruta nacional 16. All\u00ed la comitiva se dividi\u00f3 en tres grupos y rastrill\u00f3 el predio junto con dos perras especialmente entrenadas para rastrear restos humanos. Adem\u00e1s, fue empleada una retroexcavadora en zonas donde se apreciaba que hubo movimiento de suelo.<br \/>\nAlrededor de las 17 el fiscal y la comitiva que lo acompa\u00f1a realizaron otros dos allanamientos sin resultados positivos en distintas viviendas de Villa Itat\u00ed y Villa Centenario en la ciudad de Resistencia. El primer lugar fue registrado con canes y secuestraron prendas que podr\u00edan ser de inter\u00e9s para la causa. En tanto que en el segundo fue allanado el departamento que alquilaba Gustavo Obreg\u00f3n y secuestraron la ropa con la que habr\u00eda llegado el viernes 2 de junio al domicilio de Emerenciano Sena.<br \/>\nAdem\u00e1s, el Equipo Fiscal Especial, aclara que a\u00fan no est\u00e1n listos los resultados sobre las muestras de sangre recolectadas en la casa de la familia Sena.<br \/>\nImputaciones<br \/>\nHasta el momento el Equipo Fiscal Especial formul\u00f3 las siguientes imputaciones:<br \/>\n\u2022 C\u00e9sar Sena: homicidio triplemente agravado por el v\u00ednculo, por el concurso premeditado de dos o m\u00e1s personas y por haberse realizado en un contexto de violencia de g\u00e9nero (femicidio) en calidad de co-autor (art\u00edculos 80 inciso 1, 6, y 11 y art\u00edculo 45 del C\u00f3digo Penal).<br \/>\n\u2022 Marcela Acu\u00f1a y Emerenciano Sena: homicidio agravado por el concurso premeditado de dos o m\u00e1s personas en calidad de co-autor (art\u00edculo 80 inciso 6 y art\u00edculo 45).<br \/>\n\u2022 Gustavo Melgarejo: homicidio agravado en calidad de part\u00edcipe secundario (art\u00edculo 80 inciso 6 y art\u00edculo 46 del CP).<br \/>\n\u2022 Griselda Reinoso: homicidio agravado en calidad de part\u00edcipe secundario (art\u00edculo 80 inciso 6 y art\u00edculo 45 del CP).<br \/>\n\u2022 Gustavo Obreg\u00f3n: homicidio agravado por el concurso premeditado de dos o m\u00e1s personas en calidad de part\u00edcipe secundario (art\u00edculo 80 inciso 6 y art\u00edculo 45 del CP).<br \/>\n\u2022 Fabiana Gonz\u00e1lez: homicidio agravado en calidad de part\u00edcipe necesario (art\u00edculo inciso 6 y art\u00edculo 45 del CP).<\/p>\n","protected":false},"excerpt":{"rendered":"<p>Los procedimientos fueron realizados a partir del testimonio de Gustavo Melgarejo, el \u00fanico de los siete detenidos que declar\u00f3. El Equipo Fiscal Especial aclar\u00f3 que a\u00fan no est\u00e1n listos los resultados sobre las muestras de sangre recolectadas en la casa de la familia Sena. El Superior Triubunal de Justicia del Chaco comunic\u00f3 que luego de [&hellip;]<\/p>\n","protected":false},"author":1,"featured_media":22767,"comment_status":"closed","ping_status":"closed","sticky":false,"template":"","format":"standard","meta":{"footnotes":""},"categories":[6],"tags":[],"class_list":{"0":"post-22766","1":"post","2":"type-post","3":"status-publish","4":"format-standard","5":"has-post-thumbnail","7":"category-chaco"},"_links":{"self":[{"href":"https:\/\/chacosintesis.com.ar\/index.php\/wp-json\/wp\/v2\/posts\/22766","targetHints":{"allow":["GET"]}}],"collection":[{"href":"https:\/\/chacosintesis.com.ar\/index.php\/wp-json\/wp\/v2\/posts"}],"about":[{"href":"https:\/\/chacosintesis.com.ar\/index.php\/wp-json\/wp\/v2\/types\/post"}],"author":[{"embeddable":true,"href":"https:\/\/chacosintesis.com.ar\/index.php\/wp-json\/wp\/v2\/users\/1"}],"replies":[{"embeddable":true,"href":"https:\/\/chacosintesis.com.ar\/index.php\/wp-json\/wp\/v2\/comments?post=22766"}],"version-history":[{"count":0,"href":"https:\/\/chacosintesis.com.ar\/index.php\/wp-json\/wp\/v2\/posts\/22766\/revisions"}],"wp:featuredmedia":[{"embeddable":true,"href":"https:\/\/chacosintesis.com.ar\/index.php\/wp-json\/wp\/v2\/media\/22767"}],"wp:attachment":[{"href":"https:\/\/chacosintesis.com.ar\/index.php\/wp-json\/wp\/v2\/media?parent=22766"}],"wp:term":[{"taxonomy":"category","embeddable":true,"href":"https:\/\/chacosintesis.com.ar\/index.php\/wp-json\/wp\/v2\/categories?post=22766"},{"taxonomy":"post_tag","embeddable":true,"href":"https:\/\/chacosintesis.com.ar\/index.php\/wp-json\/wp\/v2\/tags?post=22766"}],"curies":[{"name":"wp","href":"https:\/\/api.w.org\/{rel}","templated":true}]}}