{"id":22764,"date":"2023-06-15T15:40:35","date_gmt":"2023-06-15T18:40:35","guid":{"rendered":"https:\/\/chacosintesis.com.ar\/?p=22764"},"modified":"2023-06-15T16:06:58","modified_gmt":"2023-06-15T19:06:58","slug":"marcha-en-resistencia-ayudenme-a-que-nunca-mas-salgan-y-a-que-no-haya-otra-cecilia","status":"publish","type":"post","link":"https:\/\/chacosintesis.com.ar\/index.php\/marcha-en-resistencia-ayudenme-a-que-nunca-mas-salgan-y-a-que-no-haya-otra-cecilia\/","title":{"rendered":"Marcha en Resistencia: \u201cAy\u00fadenme a que nunca m\u00e1s salgan; y a que no haya otra Cecilia\u201d"},"content":{"rendered":"<p>Gloria Romero, la madre de Cecilia Strzyzowski, encabez\u00f3 la marcha por justicia y se refiri\u00f3 as\u00ed a los detenidos en la causa. \u201cHay muchas versiones, lo que se sabe seguro es que no est\u00e1 m\u00e1s\u201d, expres\u00f3 con profundo dolor ante cientos de personas que la acompa\u00f1aban.<br \/>\nEste mi\u00e9rcoles, Gloria Romero, madre de Cecilia Strzyzowski agradeci\u00f3 a las personas presentes en la marcha que pidi\u00f3 justicia, realizada en Resistencia, y se disculp\u00f3 por el corte del tr\u00e1nsito para los y las trabajadoras que regresaban a sus hogares. \u201cNo me quedaba otra, porque la impunidad que hay con este tema es impresionante. Las trabas que he tenido para llegar a la justicia, para que se hagan las cosas, para que se muevan los papeles, ustedes no tienen ni idea\u201d, cont\u00f3.<br \/>\nContinu\u00f3 comentando que estuvo dando entrevistas, cuando llamaron por tel\u00e9fono a su sobrina y -dijo- la amenazaron. \u201cFue una amenaza directamente. Que iban a tomar represalias contra mi mam\u00e1, una mujer de 82 a\u00f1os. Fue nada m\u00e1s que para cortar las entrevistas. Y yo en realidad tengo miedo por mi hija\u201d.<br \/>\nAnte cientos de personas que la acompa\u00f1aban con carteles, Gloria expres\u00f3 que tiene &#8220;mucha bronca&#8221; y espera que se haga justicia. \u201cTal vez se haga justicia, porque con esta presi\u00f3n no lo van a poder tapar. Tengo mucha bronca, de esa adrenalina pura\u201d. Y le pregunt\u00f3 a todos los presentes: \u201c\u00bfQu\u00e9 har\u00edas vos si te dicen que descuartizaron tu hijo y lo tiraron a los chanchos? \u00bfTe largar\u00edas a llorar? \u00bfO vendr\u00edas ac\u00e1 a la plaza a gritar \u2018ay\u00fadenme\u2019? Prefiero gritar ac\u00e1 \u2018no me dejen sola. Ay\u00fadenme a que nunca m\u00e1s salgan, a que nunca m\u00e1s haya una Cecilia, ayudenme, por favor\u2019. Prefiero gritar ac\u00e1 y no llorar, quiero justicia, quiero que se pudran en la c\u00e1rcel, quiero que nunca m\u00e1s una Cecilia pase por eso\u201d.<\/p>\n<p>\u201cLo que se sabe seguro es que no est\u00e1 m\u00e1s\u201d<\/p>\n<p>Acompa\u00f1ada por los gritos de \u201cno est\u00e1s sola\u201d, Gloria continu\u00f3: \u201cHay muchas versiones, lo que se sabe seguro es que no est\u00e1 m\u00e1s, que est\u00e1 muerta. Ahora \u00bfc\u00f3mo fue? El s\u00e1bado me reun\u00ed con la vicegobernadora, la ministra de Justicia y toda la c\u00fapula de la Polic\u00eda para darme explicaciones. Lo que me dijeron fue que el fiscal ten\u00eda la culpa. Pero fiscal\u00eda dijo que no ten\u00eda recursos, y la Polic\u00eda cort\u00f3 el rastrillaje toda una noche entera en un campo de cien hect\u00e1reas, donde se puede meter cualquiera\u201d.<br \/>\nAsimismo, la mujer expres\u00f3 con mucho dolor: \u201cNo tienen que salir m\u00e1s de la c\u00e1rcel, por la impunidad con la que mintieron. Yo puse el acta de matrimonio, para los que dec\u00edan que mi hija no estaba casada. En mi Instagram lo pueden ver. Para todos lo que dec\u00edan que mi hija fue solo una cosa ocasional. Si los pasajes estaban comprados, es una cosa, pero si no hab\u00eda boleto fue una trampa para matarla nada m\u00e1s\u201d, indic\u00f3 la madre haciendo referencia al viaje que ten\u00eda planificado su hija junto a C\u00e9sar Sena.<br \/>\nAdem\u00e1s, cont\u00f3 que est\u00e1n demoradas las pruebas de ADN. Y, consultada por las comunicaciones que recibi\u00f3, asegur\u00f3: \u201cLos \u00fanicos que se comunicaron conmigo fueron desde una organizaci\u00f3n contra los femicidios, que dan asistencia psicol\u00f3gica y ese tipo de cosas\u201d.<br \/>\nAnte la pregunta de qu\u00e9 va a ocurrir con las elecciones, la madre de Cecilia afirm\u00f3: \u201cNo s\u00e9, yo no soy pol\u00edtica, yo soy una ama de casa, yo lavo platos chicos, y no me ofendo por eso\u201d.<br \/>\nAsimismo, le preguntaron si perdi\u00f3 todo tipo de esperanza y sentenci\u00f3: \u201cMi hija est\u00e1 muerta, es cien por ciento comprobado que mi hija est\u00e1 muerta. Simplemente, \u00bfqu\u00e9 falta?&#8221;<br \/>\nCon respecto a c\u00f3mo contin\u00faa la investigaci\u00f3n, Gloria Romero afirm\u00f3: \u201cLo que me dijeron fue que el fiscal no ten\u00eda recursos y ahora le pusieron tres fiscales, vamos a ver qu\u00e9 pasa\u201d.<br \/>\nY para finalizar, dej\u00f3 claro: \u201cYo no quiero atacar a absolutamente a nadie, porque yo no quiero politizar esto. Yo no tengo cuestiones pol\u00edticas con nadie. No me vendo con nadie y no voy a vender a mi hija por nada. Lo que yo quiero es que se pudran en la c\u00e1rcel, que se pudran directamente. Mi hija no es vendible, al que quiera comprarla, no tiene precio. El dolor que siento ni siquiera puedo llorarlo de tanto que me duele. Todos me dicen \u2018qu\u00e9 fuerte que sos\u2019, yo me quiebro y grito como loca a veces, porque la verdad es que hay gente que me ha escuchado gritar\u201d.<\/p>\n","protected":false},"excerpt":{"rendered":"<p>Gloria Romero, la madre de Cecilia Strzyzowski, encabez\u00f3 la marcha por justicia y se refiri\u00f3 as\u00ed a los detenidos en la causa. \u201cHay muchas versiones, lo que se sabe seguro es que no est\u00e1 m\u00e1s\u201d, expres\u00f3 con profundo dolor ante cientos de personas que la acompa\u00f1aban. Este mi\u00e9rcoles, Gloria Romero, madre de Cecilia Strzyzowski agradeci\u00f3 [&hellip;]<\/p>\n","protected":false},"author":1,"featured_media":22765,"comment_status":"closed","ping_status":"closed","sticky":false,"template":"","format":"standard","meta":{"footnotes":""},"categories":[6],"tags":[],"class_list":{"0":"post-22764","1":"post","2":"type-post","3":"status-publish","4":"format-standard","5":"has-post-thumbnail","7":"category-chaco"},"_links":{"self":[{"href":"https:\/\/chacosintesis.com.ar\/index.php\/wp-json\/wp\/v2\/posts\/22764","targetHints":{"allow":["GET"]}}],"collection":[{"href":"https:\/\/chacosintesis.com.ar\/index.php\/wp-json\/wp\/v2\/posts"}],"about":[{"href":"https:\/\/chacosintesis.com.ar\/index.php\/wp-json\/wp\/v2\/types\/post"}],"author":[{"embeddable":true,"href":"https:\/\/chacosintesis.com.ar\/index.php\/wp-json\/wp\/v2\/users\/1"}],"replies":[{"embeddable":true,"href":"https:\/\/chacosintesis.com.ar\/index.php\/wp-json\/wp\/v2\/comments?post=22764"}],"version-history":[{"count":0,"href":"https:\/\/chacosintesis.com.ar\/index.php\/wp-json\/wp\/v2\/posts\/22764\/revisions"}],"wp:featuredmedia":[{"embeddable":true,"href":"https:\/\/chacosintesis.com.ar\/index.php\/wp-json\/wp\/v2\/media\/22765"}],"wp:attachment":[{"href":"https:\/\/chacosintesis.com.ar\/index.php\/wp-json\/wp\/v2\/media?parent=22764"}],"wp:term":[{"taxonomy":"category","embeddable":true,"href":"https:\/\/chacosintesis.com.ar\/index.php\/wp-json\/wp\/v2\/categories?post=22764"},{"taxonomy":"post_tag","embeddable":true,"href":"https:\/\/chacosintesis.com.ar\/index.php\/wp-json\/wp\/v2\/tags?post=22764"}],"curies":[{"name":"wp","href":"https:\/\/api.w.org\/{rel}","templated":true}]}}