{"id":22762,"date":"2023-06-15T15:38:02","date_gmt":"2023-06-15T18:38:02","guid":{"rendered":"https:\/\/chacosintesis.com.ar\/?p=22762"},"modified":"2023-06-15T16:06:57","modified_gmt":"2023-06-15T19:06:57","slug":"marcha-por-cecilia-strzyzowski-galassi-confirmo-que-los-allanamientos-fueron-positivos-y-esperan-resultados-de-adn","status":"publish","type":"post","link":"https:\/\/chacosintesis.com.ar\/index.php\/marcha-por-cecilia-strzyzowski-galassi-confirmo-que-los-allanamientos-fueron-positivos-y-esperan-resultados-de-adn\/","title":{"rendered":"Marcha por Cecilia Strzyzowski: Galassi confirm\u00f3 que los allanamientos &#8220;fueron positivos&#8221; y esperan resultados de ADN"},"content":{"rendered":"<p>&#8220;Quiero decirles que se obtuvieron, elementos probatorios muy contundentes e importantes que determinan que Cecilia no est\u00e1 m\u00e1s en este mundo\u201d, se\u00f1al\u00f3 a la multitud el abogado querellante en la causa.<br \/>\nJos\u00e9 Galassi, uno de los abogados que integra la querella que patrocinan a la familia de Cecilia Strzyzowski, revel\u00f3 que solicitaron tomar muestras de ADN a los padres de la joven para corroborar con lo enocntrado en los allanamientos. Adem\u00e1s, afirm\u00f3 que los allanamientos realizados hasta el momento fueron positivos y arrojaron elementos contundentes para la causa. Sus declaraciones, este mi\u00e9rcoles, fueron durante la marcha de antorchas realizada en Resistencia con el pedido de justicia por la joven desaparecida hace 13 d\u00edas.<br \/>\n\u201cRespecto a los allanamientos que se hicieron el fin de semana, fueron totalmente positivos. Quiero decirles que se obtuvieron elementos probatorios muy contundentes e importantes que determinan que Cecilia no est\u00e1 m\u00e1s en este mundo\u201d, asegur\u00f3 el profesional a las mujeres, familias y vecinos que se acercaron a la concentraci\u00f3n en la Plaza 25 de Mayo.<br \/>\nSeg\u00fan mencion\u00f3 \u201cse est\u00e1n realizando las pruebas, primero para ver si pueden ser cotejadas con ADN\u201d. En ese sentido, el letrado insisti\u00f3 en que junto a la abogada Carina G\u00f3mez (con quien integra la querella), solicitaron que \u201cse tomen las muestras de ADN de ambos padres para luego cotejar con los resultados que se van a obtener en la causa\u201d.<br \/>\nGalassi cont\u00f3 tambi\u00e9n que este mi\u00e9rcoles se culmin\u00f3 un allanamiento en Villa ltat\u00ed. En tanto, insisti\u00f3 en que esperan dialogar con el fiscal a cargo de la causa -Jorge C\u00e1ceres Olivera- para obtener detalles sobre lo encontrado.<br \/>\nSobre la posibilidad de incorporar una recompensa en la causa para obtener m\u00e1s informaci\u00f3n, sostuvo: \u201cEstamos enfocados en la causa penal, porque queremos recabar hasta el \u00faltimo elemento probatorio. Por eso el tiempo es importante en el proceso, y estamos exigiendo al fiscal obtener todas las medidas probatorias que, con el tiempo, se van perdiendo para el an\u00e1lisis\u201d.<br \/>\nEl abogado, por \u00faltimo, apunt\u00f3 a la necesidad de resolver r\u00e1pida y eficazmente el caso. \u201cHoy necesitamos tener los elementos para que estas personas inescrupulosas no caminen m\u00e1s como seres humanos tranquilos en la calle y tengan la condena en la justicia que se merecen. Basta de impunidad, basta de Cecilia, basta de femicidios\u201d, pidi\u00f3.<br \/>\n\u201cComo abogados vamos a ir hasta las \u00faltimas consecuencias, porque para eso asumimos este servicio gratuito. Porque esto es una cuesti\u00f3n moral, una cuesti\u00f3n personal que a la sociedad toda nos convoca\u201d, insisti\u00f3 Galassi.<br \/>\n\u201cPedimos que den un servicio de justicia a la altura de las circunstancias. Por favor\u201d, cerr\u00f3.<br \/>\nEste mi\u00e9rcoles, a pesar de la baja temperatura, una multitud se reuni\u00f3 en la &#8220;Marcha de Antorchas&#8221; en pedido de justicia por Cecilia y la solicitud de que avance eficazmente el proceso judicial.<\/p>\n","protected":false},"excerpt":{"rendered":"<p>&#8220;Quiero decirles que se obtuvieron, elementos probatorios muy contundentes e importantes que determinan que Cecilia no est\u00e1 m\u00e1s en este mundo\u201d, se\u00f1al\u00f3 a la multitud el abogado querellante en la causa. Jos\u00e9 Galassi, uno de los abogados que integra la querella que patrocinan a la familia de Cecilia Strzyzowski, revel\u00f3 que solicitaron tomar muestras de [&hellip;]<\/p>\n","protected":false},"author":1,"featured_media":22763,"comment_status":"closed","ping_status":"closed","sticky":false,"template":"","format":"standard","meta":{"footnotes":""},"categories":[6],"tags":[],"class_list":{"0":"post-22762","1":"post","2":"type-post","3":"status-publish","4":"format-standard","5":"has-post-thumbnail","7":"category-chaco"},"_links":{"self":[{"href":"https:\/\/chacosintesis.com.ar\/index.php\/wp-json\/wp\/v2\/posts\/22762","targetHints":{"allow":["GET"]}}],"collection":[{"href":"https:\/\/chacosintesis.com.ar\/index.php\/wp-json\/wp\/v2\/posts"}],"about":[{"href":"https:\/\/chacosintesis.com.ar\/index.php\/wp-json\/wp\/v2\/types\/post"}],"author":[{"embeddable":true,"href":"https:\/\/chacosintesis.com.ar\/index.php\/wp-json\/wp\/v2\/users\/1"}],"replies":[{"embeddable":true,"href":"https:\/\/chacosintesis.com.ar\/index.php\/wp-json\/wp\/v2\/comments?post=22762"}],"version-history":[{"count":0,"href":"https:\/\/chacosintesis.com.ar\/index.php\/wp-json\/wp\/v2\/posts\/22762\/revisions"}],"wp:featuredmedia":[{"embeddable":true,"href":"https:\/\/chacosintesis.com.ar\/index.php\/wp-json\/wp\/v2\/media\/22763"}],"wp:attachment":[{"href":"https:\/\/chacosintesis.com.ar\/index.php\/wp-json\/wp\/v2\/media?parent=22762"}],"wp:term":[{"taxonomy":"category","embeddable":true,"href":"https:\/\/chacosintesis.com.ar\/index.php\/wp-json\/wp\/v2\/categories?post=22762"},{"taxonomy":"post_tag","embeddable":true,"href":"https:\/\/chacosintesis.com.ar\/index.php\/wp-json\/wp\/v2\/tags?post=22762"}],"curies":[{"name":"wp","href":"https:\/\/api.w.org\/{rel}","templated":true}]}}