{"id":22760,"date":"2023-06-15T15:33:31","date_gmt":"2023-06-15T18:33:31","guid":{"rendered":"https:\/\/chacosintesis.com.ar\/?p=22760"},"modified":"2023-06-15T15:36:43","modified_gmt":"2023-06-15T18:36:43","slug":"se-puso-en-marcha-la-oficina-de-emision-de-documentos-de-transito-animal-en-el-impenetrable","status":"publish","type":"post","link":"https:\/\/chacosintesis.com.ar\/index.php\/se-puso-en-marcha-la-oficina-de-emision-de-documentos-de-transito-animal-en-el-impenetrable\/","title":{"rendered":"Se puso en marcha la oficina de emisi\u00f3n de documentos de tr\u00e1nsito animal en El Impenetrable"},"content":{"rendered":"<p>&#8220;La puesta en marcha de este ente emisor beneficiar\u00e1 a peque\u00f1os y medianos productores de El Impenetrable que anteriormente deb\u00edan trasladarse hasta Castelli para realizar los tr\u00e1mites correspondientes&#8221;, destac\u00f3 el subsecretario de Ganader\u00eda Sebasti\u00e1n Bravo.<br \/>\nEl Ministerio de Producci\u00f3n, Industria y Empleo acompa\u00f1\u00f3 esta semana en El Impenetrable la puesta en marcha de una oficina de emisi\u00f3n de Documentos de Tr\u00e1nsito Electr\u00f3nico (DT-e) para el traslado de animales. El espacio, que servir\u00e1 para la realizaci\u00f3n del procedimiento sanitario obligatorio para el movimiento de hacienda, fue habilitado por el Servicio Nacional de Sanidad y Calidad Agroalimentaria (Senasa) y funcionar\u00e1 en El Espinillo.<br \/>\nLa habilitaci\u00f3n de la oficina cont\u00f3 con la presencia del subsecretario de Ganader\u00eda, Sebasti\u00e1n Bravo, y del director del Centro Regional Chaco-Formosa del Senasa, Facundo Galvani.<br \/>\n\u201cLa puesta en marcha de este ente emisor es muy relevante porque beneficiar\u00e1 de manera directa a peque\u00f1os y medianos productores de El Impenetrable que anteriormente deb\u00edan trasladarse hasta Juan Jos\u00e9 Castelli para realizar los tr\u00e1mites correspondientes\u201d, asegur\u00f3 Bravo.<br \/>\n\u201cEl hecho de poder contar con esta oficina asegura que quienes tienen que realizar diligencias en materia de DT-e se eviten desde ahora recorrer largas distancias y puedan completar los requerimientos mucho m\u00e1s cerca de sus establecimientos\u201d, puntualiz\u00f3 el funcionario.<\/p>\n<p>Respuesta directa del Estado<\/p>\n<p>La creaci\u00f3n del ente fue una respuesta del gobierno ante una solicitud formal del municipio de El Espinillo y se concret\u00f3 a trav\u00e9s de gestiones coordinadas entre esa comuna, la Subsecretar\u00eda de Ganader\u00eda y el Centro Regional Chaco-Formosa del Senasa.<br \/>\nEl municipio a cargo del intendente Zen\u00f3n Cu\u00e9llar dispuso de espacio f\u00edsico, personal, insumos inform\u00e1ticos y conectividad; mientras que el Ministerio de Producci\u00f3n y el Senasa colaboraron en las gestiones y tr\u00e1mites de habilitaci\u00f3n, y de la carteler\u00eda institucional informativa.<br \/>\nFinalmente, con presencia de Bravo y Galvani en El Espinillo, se realiz\u00f3 una jornada informativa con productores locales, a quienes se les explic\u00f3 la importancia que reviste la inscripci\u00f3n en el Registro Nacional Sanitario de Productores Agropecuarios (Renspa); los requisitos de ese tr\u00e1mite, que es gratuito; y el dise\u00f1o de pol\u00edgonos y georreferenciaci\u00f3n de los campos.<\/p>\n","protected":false},"excerpt":{"rendered":"<p>&#8220;La puesta en marcha de este ente emisor beneficiar\u00e1 a peque\u00f1os y medianos productores de El Impenetrable que anteriormente deb\u00edan trasladarse hasta Castelli para realizar los tr\u00e1mites correspondientes&#8221;, destac\u00f3 el subsecretario de Ganader\u00eda Sebasti\u00e1n Bravo. El Ministerio de Producci\u00f3n, Industria y Empleo acompa\u00f1\u00f3 esta semana en El Impenetrable la puesta en marcha de una oficina [&hellip;]<\/p>\n","protected":false},"author":1,"featured_media":22761,"comment_status":"closed","ping_status":"closed","sticky":false,"template":"","format":"standard","meta":{"footnotes":""},"categories":[6],"tags":[],"class_list":{"0":"post-22760","1":"post","2":"type-post","3":"status-publish","4":"format-standard","5":"has-post-thumbnail","7":"category-chaco"},"_links":{"self":[{"href":"https:\/\/chacosintesis.com.ar\/index.php\/wp-json\/wp\/v2\/posts\/22760","targetHints":{"allow":["GET"]}}],"collection":[{"href":"https:\/\/chacosintesis.com.ar\/index.php\/wp-json\/wp\/v2\/posts"}],"about":[{"href":"https:\/\/chacosintesis.com.ar\/index.php\/wp-json\/wp\/v2\/types\/post"}],"author":[{"embeddable":true,"href":"https:\/\/chacosintesis.com.ar\/index.php\/wp-json\/wp\/v2\/users\/1"}],"replies":[{"embeddable":true,"href":"https:\/\/chacosintesis.com.ar\/index.php\/wp-json\/wp\/v2\/comments?post=22760"}],"version-history":[{"count":0,"href":"https:\/\/chacosintesis.com.ar\/index.php\/wp-json\/wp\/v2\/posts\/22760\/revisions"}],"wp:featuredmedia":[{"embeddable":true,"href":"https:\/\/chacosintesis.com.ar\/index.php\/wp-json\/wp\/v2\/media\/22761"}],"wp:attachment":[{"href":"https:\/\/chacosintesis.com.ar\/index.php\/wp-json\/wp\/v2\/media?parent=22760"}],"wp:term":[{"taxonomy":"category","embeddable":true,"href":"https:\/\/chacosintesis.com.ar\/index.php\/wp-json\/wp\/v2\/categories?post=22760"},{"taxonomy":"post_tag","embeddable":true,"href":"https:\/\/chacosintesis.com.ar\/index.php\/wp-json\/wp\/v2\/tags?post=22760"}],"curies":[{"name":"wp","href":"https:\/\/api.w.org\/{rel}","templated":true}]}}