{"id":22726,"date":"2023-06-14T19:46:33","date_gmt":"2023-06-14T22:46:33","guid":{"rendered":"https:\/\/chacosintesis.com.ar\/?p=22726"},"modified":"2023-06-14T20:07:56","modified_gmt":"2023-06-14T23:07:56","slug":"caso-cecilia-strzyzowski-la-asociacion-argentina-de-fiscales-respaldo-al-equipo-que-integran-caceres-olivera-gomez-y-velazquez","status":"publish","type":"post","link":"https:\/\/chacosintesis.com.ar\/index.php\/caso-cecilia-strzyzowski-la-asociacion-argentina-de-fiscales-respaldo-al-equipo-que-integran-caceres-olivera-gomez-y-velazquez\/","title":{"rendered":"Caso Cecilia Strzyzowski: La Asociaci\u00f3n Argentina de Fiscales respald\u00f3 al equipo que integran C\u00e1ceres Olivera, G\u00f3mez y Vel\u00e1zquez"},"content":{"rendered":"<p>Desde la entidad nacional se\u00f1alaron que \u201clos fiscales no han recibido presiones externas y su actuaci\u00f3n no se encuentra ni limitada, ni influenciada para direccionar la investigaci\u00f3n en alg\u00fan sentido\u201d<br \/>\nA trav\u00e9s de un comunicado firmado por su presidente Marcelo Varona Quinti\u00e1n, la Asociaci\u00f3n Argentina de Fiscales (AAF) manifest\u00f3 su \u201cfirme apoyo y solidaridad\u201d hacia los fiscales Jorge Omar C\u00e1ceres Olivera, Jorge Fernando G\u00f3mez y Nelia Vel\u00e1zquez que investigan en el Chaco la desaparici\u00f3n y posible femicidio de la joven Cecilia Strzyzowski.<br \/>\nLa entidad nacional expres\u00f3, por ese medio su \u201cdolor, consternaci\u00f3n y la necesidad de avanzar con urgencia en el pronto esclarecimiento total del hecho\u201d. Adem\u00e1s, resalt\u00f3 que \u201cla tarea de los fiscales debe desenvolverse respetando reglas, procedimientos y protocolos establecidos por la ley, y que en momentos de grave conmoci\u00f3n p\u00fablica -de la que no son ajenos los funcionarios- a\u00fan con la urgencia, demandan tiempos, y secuencias necesarias para su tramitaci\u00f3n y correcto desarrollo\u201d.<br \/>\nEn esa l\u00ednea, la AAF coincidi\u00f3 \u201ccon el Colegio de Fiscales de la Primera Circunscripci\u00f3n Judicial\u201d, y expres\u00f3 as\u00ed su \u201cfirme apoyo y solidaridad hacia los fiscales, como as\u00ed tambi\u00e9n hacia el procurador general de la Provincia Jorge Canteros, -cada uno en la responsabilidad que le toca-, frente a los distintos cuestionamientos, descalificaciones y ataques recibidos en los \u00faltimos d\u00edas\u201d.<br \/>\nAdem\u00e1s, la entidad nacional record\u00f3 \u201cque el Ministerio P\u00fablico Fiscal ejerce su rol de manera independiente del poder pol\u00edtico\u201d. \u201cSe nos ha expresado que los fiscales no han recibido presiones externas y su actuaci\u00f3n no se encuentra ni limitada, ni influenciada para direccionar la investigaci\u00f3n en alg\u00fan sentido, y que sus tareas se desarrollan dentro del marco de posibilidades de recursos y t\u00e9cnicas disponibles, contando con el pleno apoyo de la Polic\u00eda de la Provincia de Chaco, con todas sus divisiones\u201d, indic\u00f3 la entidad.<br \/>\nTambi\u00e9n sobre la labor del equipo fiscal conformado en la provincia, la Asociaci\u00f3n sostuvo que \u201csus tareas se desarrollan de manera respetuosa y asegurando a la v\u00edctima y sus representantes todos sus derechos, informaci\u00f3n, transparencia y asistencia en el marco de contenci\u00f3n y humanidad que el caso exige\u201d.<br \/>\nY, por \u00faltimo, se\u00f1al\u00f3 que \u201cla confianza p\u00fablica en el Ministerio P\u00fablico Fiscal y una sociedad que participa y colabora con las investigaciones son indispensables para asegurar siempre mejores resultados y una sociedad m\u00e1s justa\u201d.<\/p>\n","protected":false},"excerpt":{"rendered":"<p>Desde la entidad nacional se\u00f1alaron que \u201clos fiscales no han recibido presiones externas y su actuaci\u00f3n no se encuentra ni limitada, ni influenciada para direccionar la investigaci\u00f3n en alg\u00fan sentido\u201d A trav\u00e9s de un comunicado firmado por su presidente Marcelo Varona Quinti\u00e1n, la Asociaci\u00f3n Argentina de Fiscales (AAF) manifest\u00f3 su \u201cfirme apoyo y solidaridad\u201d hacia [&hellip;]<\/p>\n","protected":false},"author":1,"featured_media":22727,"comment_status":"closed","ping_status":"closed","sticky":false,"template":"","format":"standard","meta":{"footnotes":""},"categories":[6],"tags":[],"class_list":{"0":"post-22726","1":"post","2":"type-post","3":"status-publish","4":"format-standard","5":"has-post-thumbnail","7":"category-chaco"},"_links":{"self":[{"href":"https:\/\/chacosintesis.com.ar\/index.php\/wp-json\/wp\/v2\/posts\/22726","targetHints":{"allow":["GET"]}}],"collection":[{"href":"https:\/\/chacosintesis.com.ar\/index.php\/wp-json\/wp\/v2\/posts"}],"about":[{"href":"https:\/\/chacosintesis.com.ar\/index.php\/wp-json\/wp\/v2\/types\/post"}],"author":[{"embeddable":true,"href":"https:\/\/chacosintesis.com.ar\/index.php\/wp-json\/wp\/v2\/users\/1"}],"replies":[{"embeddable":true,"href":"https:\/\/chacosintesis.com.ar\/index.php\/wp-json\/wp\/v2\/comments?post=22726"}],"version-history":[{"count":0,"href":"https:\/\/chacosintesis.com.ar\/index.php\/wp-json\/wp\/v2\/posts\/22726\/revisions"}],"wp:featuredmedia":[{"embeddable":true,"href":"https:\/\/chacosintesis.com.ar\/index.php\/wp-json\/wp\/v2\/media\/22727"}],"wp:attachment":[{"href":"https:\/\/chacosintesis.com.ar\/index.php\/wp-json\/wp\/v2\/media?parent=22726"}],"wp:term":[{"taxonomy":"category","embeddable":true,"href":"https:\/\/chacosintesis.com.ar\/index.php\/wp-json\/wp\/v2\/categories?post=22726"},{"taxonomy":"post_tag","embeddable":true,"href":"https:\/\/chacosintesis.com.ar\/index.php\/wp-json\/wp\/v2\/tags?post=22726"}],"curies":[{"name":"wp","href":"https:\/\/api.w.org\/{rel}","templated":true}]}}