{"id":22720,"date":"2023-06-14T19:39:59","date_gmt":"2023-06-14T22:39:59","guid":{"rendered":"https:\/\/chacosintesis.com.ar\/?p=22720"},"modified":"2023-06-14T20:07:54","modified_gmt":"2023-06-14T23:07:54","slug":"continua-la-obra-de-refaccion-y-reacondicionamiento-de-la-casa-museo-y-sitio-historico-luis-geraldi","status":"publish","type":"post","link":"https:\/\/chacosintesis.com.ar\/index.php\/continua-la-obra-de-refaccion-y-reacondicionamiento-de-la-casa-museo-y-sitio-historico-luis-geraldi\/","title":{"rendered":"Contin\u00faa la obra de refacci\u00f3n y reacondicionamiento de la Casa Museo y Sitio Hist\u00f3rico &#8220;Luis Geraldi&#8221;"},"content":{"rendered":"<p>El centro cultural se suma al plan de infraestructura cultural que se lleva adelante en toda la provincia.<br \/>\nEl gobierno del Chaco, a trav\u00e9s del Instituto de Cultura del Chaco, contin\u00faa desarrollando un plan de refacci\u00f3n y adaptaci\u00f3n de centros culturales en toda la provincia, tales como el Complejo Cultural Guido Miranda, Casa de las Culturas, el Monumento Hist\u00f3rico Nacional &#8220;La Estaci\u00f3n&#8221;, donde se encuentra el Museo de Ciencias Naturales &#8220;Augusto Schulz&#8221; y, adem\u00e1s, en lo que ser\u00e1 el Museo \u201cS\u00e1nchez Kelly\u201d. En este marco, la pr\u00f3xima intervenci\u00f3n se realizar\u00e1 en la Casa Museo y Sitio Hist\u00f3rico &#8220;Luis Geraldi&#8221;.<br \/>\nCon algunas concluidas, otras en ejecuci\u00f3n y dem\u00e1s en proceso de licitaci\u00f3n, desde el organismo provincial se inform\u00f3 acerca de las distintas obras que, como pol\u00edtica de inversi\u00f3n en infraestructura cultural, arrancaron a fines de 2007 y se profundizan en esta gesti\u00f3n 2019-2023. \u201cVenimos trabajando en los espacios emblem\u00e1ticos de Resistencia y todo el Chaco, entre ellos estamos trabajando en la pr\u00f3xima intervenci\u00f3n que ser\u00e1 en el Museo \u201cLuis Geraldi\u201d, manifest\u00f3 el presidente del Instituto de Cultura, Francisco Romero.<br \/>\n\u201cEstas pol\u00edticas de inversi\u00f3n han dado paso al fortalecimiento institucional de puesta en valor del patrimonio cultural, donde la gesti\u00f3n del Estado provincial destina sus recursos para dar paso al fortalecimiento en el desarrollo cultural de la provincia\u201d, agreg\u00f3.<br \/>\nDurante enero, el presidente del ICCh, Francisco \u201cTete\u201d Romero junto con el intendente de Resistencia, Gustavo Mart\u00ednez, recorri\u00f3 el Museo \u201cLuis Geraldi\u201d para conocer de cerca las necesidades y escuchar a las y los trabajadores del lugar. \u201cEsta semana est\u00e1 prevista la intervenci\u00f3n al Museo \u201cLuis Geraldi\u201d. Por otro lado, el viernes a la tarde recibir\u00e9 a las y los integrantes del Club de Ciencias\u201d, se\u00f1al\u00f3 Romero.<br \/>\nContinuando con lo anterior, Romero, aclar\u00f3: \u201cLas refacciones del Museo se demoraron por la firma del convenio con el municipio de Resistencia, que a\u00fan no se concret\u00f3. Por esa raz\u00f3n, decidimos intervenir desde el Instituto de Cultura\u201d.<\/p>\n","protected":false},"excerpt":{"rendered":"<p>El centro cultural se suma al plan de infraestructura cultural que se lleva adelante en toda la provincia. El gobierno del Chaco, a trav\u00e9s del Instituto de Cultura del Chaco, contin\u00faa desarrollando un plan de refacci\u00f3n y adaptaci\u00f3n de centros culturales en toda la provincia, tales como el Complejo Cultural Guido Miranda, Casa de las [&hellip;]<\/p>\n","protected":false},"author":1,"featured_media":22721,"comment_status":"closed","ping_status":"closed","sticky":false,"template":"","format":"standard","meta":{"footnotes":""},"categories":[6],"tags":[],"class_list":{"0":"post-22720","1":"post","2":"type-post","3":"status-publish","4":"format-standard","5":"has-post-thumbnail","7":"category-chaco"},"_links":{"self":[{"href":"https:\/\/chacosintesis.com.ar\/index.php\/wp-json\/wp\/v2\/posts\/22720","targetHints":{"allow":["GET"]}}],"collection":[{"href":"https:\/\/chacosintesis.com.ar\/index.php\/wp-json\/wp\/v2\/posts"}],"about":[{"href":"https:\/\/chacosintesis.com.ar\/index.php\/wp-json\/wp\/v2\/types\/post"}],"author":[{"embeddable":true,"href":"https:\/\/chacosintesis.com.ar\/index.php\/wp-json\/wp\/v2\/users\/1"}],"replies":[{"embeddable":true,"href":"https:\/\/chacosintesis.com.ar\/index.php\/wp-json\/wp\/v2\/comments?post=22720"}],"version-history":[{"count":0,"href":"https:\/\/chacosintesis.com.ar\/index.php\/wp-json\/wp\/v2\/posts\/22720\/revisions"}],"wp:featuredmedia":[{"embeddable":true,"href":"https:\/\/chacosintesis.com.ar\/index.php\/wp-json\/wp\/v2\/media\/22721"}],"wp:attachment":[{"href":"https:\/\/chacosintesis.com.ar\/index.php\/wp-json\/wp\/v2\/media?parent=22720"}],"wp:term":[{"taxonomy":"category","embeddable":true,"href":"https:\/\/chacosintesis.com.ar\/index.php\/wp-json\/wp\/v2\/categories?post=22720"},{"taxonomy":"post_tag","embeddable":true,"href":"https:\/\/chacosintesis.com.ar\/index.php\/wp-json\/wp\/v2\/tags?post=22720"}],"curies":[{"name":"wp","href":"https:\/\/api.w.org\/{rel}","templated":true}]}}