{"id":22705,"date":"2023-06-14T10:41:17","date_gmt":"2023-06-14T13:41:17","guid":{"rendered":"https:\/\/chacosintesis.com.ar\/?p=22705"},"modified":"2023-06-14T11:06:49","modified_gmt":"2023-06-14T14:06:49","slug":"capitanich-el-futuro-del-chaco-y-de-argentina-se-divide-entre-los-que-solo-hablan-y-los-que-hacemos","status":"publish","type":"post","link":"https:\/\/chacosintesis.com.ar\/index.php\/capitanich-el-futuro-del-chaco-y-de-argentina-se-divide-entre-los-que-solo-hablan-y-los-que-hacemos\/","title":{"rendered":"Capitanich: \u201cEl futuro del Chaco y de Argentina se divide entre los que solo hablan y los que hacemos\u201d"},"content":{"rendered":"<p>El gobernador y precandidato a la reelecci\u00f3n por el Frente Chaque\u00f1o encabez\u00f3 dos masivas convocatorias en Charata y Las Bre\u00f1as, desde donde adelant\u00f3 las principales propuestas en materia de desarrollo y producci\u00f3n para la provincia que se viene. \u201cHacemos, hicimos y seguiremos haciendo porque tenemos lo que hay que tener: planificaci\u00f3n, trabajo y eficiencia\u201d, enfatiz\u00f3.<\/p>\n<p>El gobernador Jorge Capitanich particip\u00f3 este martes de dos nuevos cierres de campa\u00f1a, en este caso en Charata y Las Bre\u00f1as, desde donde convoc\u00f3 a las y los chaque\u00f1os a seguir acompa\u00f1ando el \u00fanico modelo pol\u00edtico capaz de defender los intereses de la provincia.<br \/>\n\u201cQueremos que el coraz\u00f3n productivo del Chaco apalanque el crecimiento de toda la regi\u00f3n; hacemos, hicimos y seguiremos haciendo porque tenemos lo que hay que tener: planificaci\u00f3n, trabajo y eficiencia\u201d, enfatiz\u00f3 Coqui.<br \/>\n\u201cEl desaf\u00edo para nuestra pr\u00f3xima gesti\u00f3n es continuar con la misma energ\u00eda, las mismas ganas y el esfuerzo que ponemos desde el primer d\u00eda para transformar la provincia\u201d, acot\u00f3.<br \/>\nEn ambas convocatorias el mandatario hizo un repaso por las principales l\u00edneas de acci\u00f3n que propone el Frente Chaque\u00f1o (FCH) para los pr\u00f3ximos cuatro a\u00f1os en la provincia en materia de desarrollo productivo, industrializaci\u00f3n, salud, educaci\u00f3n, urbanizaci\u00f3n, agua potable, cloacas, seguridad y defensa del ambiente.<br \/>\n \u201cEl Sudoeste es el n\u00facleo productivo del Chaco, por eso continuaremos poniendo el mayor esfuerzo en una estrategia de apalancamiento del crecimiento para toda la provincia\u201d, apunt\u00f3.<br \/>\nEl gobernador, quien estuvo acompa\u00f1ado por la vicegobernadora Anal\u00eda Rach Quiroga y precandidatos y precandidatas del FCH, adelant\u00f3 que la propuesta electoral incluye \u201ccuatro grandes vectores para el desarrollo\u201d.<br \/>\n\u201cImpulsaremos la econom\u00eda del conocimiento, la econom\u00eda energ\u00e9tica, la econom\u00eda ambiental y la econom\u00eda productiva a trav\u00e9s de 20 cadenas de valor que son estrat\u00e9gicas y contemplan cada rinc\u00f3n de la provincia\u201d, asegur\u00f3.<br \/>\nAl respecto, profundiz\u00f3 en que las metas girar\u00e1n en torno a ampliar la superficie productiva, aumentar los niveles de cosecha agr\u00edcola e incrementar las cabezas de ganado, todo con una consecuente mejora en la base exportadora.<br \/>\n\u201cIndustrializar la ruralidad, transformar cereales en alimento y el desarrollo de m\u00e1s unidades de producci\u00f3n textil ser\u00e1n prioridad\u201d, agreg\u00f3.<br \/>\n\u201cVamos a ampliar la superficie de parques industriales y alcanzar las 1.000 hect\u00e1reas en toda la provincia y especialmente en el Sudoeste, donde tambi\u00e9n tendremos puerto seco, zona franca y sumaremos recursos humanos a todo el proceso productivo\u201d, se\u00f1al\u00f3.<br \/>\n El mandatario tambi\u00e9n hizo referencia a todas las obras y logros de gesti\u00f3n de sus distintos mandatos en lo que hace a nuevas escuelas, construcci\u00f3n de hospitales, mejora del salario real, ampliaci\u00f3n de derechos sociales, ejecuci\u00f3n de rutas y pavimento urbano y puesta en marcha de acueductos para el acceso al agua potable.<br \/>\n\u201cDocentes, j\u00f3venes, mujeres, trabajadores p\u00fablicos y privados, m\u00e9dicos, enfermeros, polic\u00edas, judiciales y emprendedores saben que somos garant\u00eda de \u00e9tica, de convicci\u00f3n y de ejercicio responsable de la gesti\u00f3n, por eso les pedimos nuevamente el acompa\u00f1amiento este domingo\u201d, remarc\u00f3.<\/p>\n<p>Intereses opuestos al pueblo<\/p>\n<p>En otro tramo de su discurso en Las Bre\u00f1as, Capitanich apunt\u00f3 contra la oposici\u00f3n pol\u00edtica y advirti\u00f3 que \u201cel futuro del Chaco y de la Argentina se divide entre los que solo hablan y los que hacemos y hacemos y hacemos\u201d.<br \/>\nCoqui fustig\u00f3 a los distintos precandidatos de otros espacios por \u201cdefender otros intereses, opuestos a los del pueblo de la provincia\u201d y dijo que \u201cadem\u00e1s de nunca reconocer nada de lo que ha progresado el Chaco tambi\u00e9n niegan la realidad\u201d.<br \/>\n\u201cNosotros no somos eso, nosotros aceptamos que hay falta mucho por hacer, que hay problemas, pero trabajamos todos los d\u00edas para solucionarlos y perfeccionar la respuesta del Estado\u201d, plante\u00f3.<br \/>\n Un rato antes, en Charata, Coqui hizo un repaso por algunas de las obras m\u00e1s importantes para esa ciudad. \u201cInauguramos un acueducto que en 107 a\u00f1os de historia era una promesa de todos los gobiernos, y que el \u00fanico gobierno que la cumpli\u00f3 fue el nuestro. Aqu\u00ed antes de nosotros no hab\u00eda agua potable, hoy hay. No se constru\u00edan viviendas, ahora se construyen. Y tambi\u00e9n hicimos casi 200 cuadras de pavimento urbano y nos comprometemos a hacer 200 cuadras m\u00e1s para la pr\u00f3xima gesti\u00f3n\u201d, apunt\u00f3.<br \/>\nEl gobernador adelant\u00f3 tambi\u00e9n la pr\u00f3xima adjudicaci\u00f3n de la obra de la traves\u00eda urbana y destac\u00f3 el desarrollo del parque industrial, la construcci\u00f3n de la Escuela de Educaci\u00f3n Especial, y otras obras ya inauguradas entre ellas el Mercado Popular, y m\u00e1s viviendas.<br \/>\nAdem\u00e1s, renov\u00f3 su compromiso para m\u00e1s obras estructurales, como el anillado del Sudoeste, clave para la mejora del sistema energ\u00e9tico.<br \/>\n\u201cGarantizamos educaci\u00f3n, salud, seguridad, justicia, viviendas, derecho al deporte, derecho a la cultura, derecho al ambiente sano, derecho a la equidad de g\u00e9nero, derecho al trabajo y al progreso social, derecho a la identidad. Hemos logrado el derecho al agua potable y cloacas, a la conexi\u00f3n de internet, a la energ\u00eda rural, entre tantos otros derechos\u201d, enumer\u00f3.<br \/>\n\u201cEn cada lugar, en cada calle, en cada barrio de Charata hay una obra que hicimos nosotros durante nuestras respectivas gestiones de gobierno. Compa\u00f1eros y compa\u00f1eras, vecinos y vecinas, comprovincianos y comprovincianas, salgamos a militar casa por casa con orgullo para ganar contundentemente las elecciones el pr\u00f3ximo 18 de junio\u201d, expres\u00f3.<br \/>\nDe ambos actos tomaron parte las y los precandidatos a legisladores Santiago Perez Pons, Mar\u00eda P\u00eda Chiacchio Cavana, Sebasti\u00e1n Ben\u00edtez Molas, Carla Prette, Maximiliano M\u00e1ntaras y Mar\u00eda de los \u00c1ngeles Phipps; la precandidata a intendenta de Charata, Alejandra Campos; la diputada nacional Mar\u00eda Luisa Chomiak; y precandidatos a intendentes de distintas ciudades del Sudoeste.<\/p>\n","protected":false},"excerpt":{"rendered":"<p>El gobernador y precandidato a la reelecci\u00f3n por el Frente Chaque\u00f1o encabez\u00f3 dos masivas convocatorias en Charata y Las Bre\u00f1as, desde donde adelant\u00f3 las principales propuestas en materia de desarrollo y producci\u00f3n para la provincia que se viene. \u201cHacemos, hicimos y seguiremos haciendo porque tenemos lo que hay que tener: planificaci\u00f3n, trabajo y eficiencia\u201d, enfatiz\u00f3. [&hellip;]<\/p>\n","protected":false},"author":1,"featured_media":22706,"comment_status":"closed","ping_status":"closed","sticky":false,"template":"","format":"standard","meta":{"footnotes":""},"categories":[6],"tags":[],"class_list":{"0":"post-22705","1":"post","2":"type-post","3":"status-publish","4":"format-standard","5":"has-post-thumbnail","7":"category-chaco"},"_links":{"self":[{"href":"https:\/\/chacosintesis.com.ar\/index.php\/wp-json\/wp\/v2\/posts\/22705","targetHints":{"allow":["GET"]}}],"collection":[{"href":"https:\/\/chacosintesis.com.ar\/index.php\/wp-json\/wp\/v2\/posts"}],"about":[{"href":"https:\/\/chacosintesis.com.ar\/index.php\/wp-json\/wp\/v2\/types\/post"}],"author":[{"embeddable":true,"href":"https:\/\/chacosintesis.com.ar\/index.php\/wp-json\/wp\/v2\/users\/1"}],"replies":[{"embeddable":true,"href":"https:\/\/chacosintesis.com.ar\/index.php\/wp-json\/wp\/v2\/comments?post=22705"}],"version-history":[{"count":0,"href":"https:\/\/chacosintesis.com.ar\/index.php\/wp-json\/wp\/v2\/posts\/22705\/revisions"}],"wp:featuredmedia":[{"embeddable":true,"href":"https:\/\/chacosintesis.com.ar\/index.php\/wp-json\/wp\/v2\/media\/22706"}],"wp:attachment":[{"href":"https:\/\/chacosintesis.com.ar\/index.php\/wp-json\/wp\/v2\/media?parent=22705"}],"wp:term":[{"taxonomy":"category","embeddable":true,"href":"https:\/\/chacosintesis.com.ar\/index.php\/wp-json\/wp\/v2\/categories?post=22705"},{"taxonomy":"post_tag","embeddable":true,"href":"https:\/\/chacosintesis.com.ar\/index.php\/wp-json\/wp\/v2\/tags?post=22705"}],"curies":[{"name":"wp","href":"https:\/\/api.w.org\/{rel}","templated":true}]}}