{"id":22703,"date":"2023-06-14T10:38:18","date_gmt":"2023-06-14T13:38:18","guid":{"rendered":"https:\/\/chacosintesis.com.ar\/?p=22703"},"modified":"2023-06-14T11:06:48","modified_gmt":"2023-06-14T14:06:48","slug":"tras-incorporarse-nuevas-pruebas-renuncio-el-abogado-de-cesar-sena-tengo-diferencias-irreconciliables","status":"publish","type":"post","link":"https:\/\/chacosintesis.com.ar\/index.php\/tras-incorporarse-nuevas-pruebas-renuncio-el-abogado-de-cesar-sena-tengo-diferencias-irreconciliables\/","title":{"rendered":"Tras incorporarse nuevas pruebas, renunci\u00f3 el abogado de C\u00e9sar Sena: \u201cTengo diferencias irreconciliables\u201d"},"content":{"rendered":"<p>As\u00ed lo asegur\u00f3 a CHACO DIA POR DIA, el abogado, Juan D\u00edaz. Se\u00f1al\u00f3 que, si bien en un primer momento no hab\u00eda pruebas contundentes para la imputaci\u00f3n contra el hijo de Emerenciano y Marcela Acu\u00f1a, la inclusi\u00f3n de recientes elementos probatorios, que complican a\u00fan m\u00e1s su situaci\u00f3n legal, hicieron tomar la decisi\u00f3n de dar un paso al costado.<\/p>\n<p>En el marco de la investigaci\u00f3n por el presunto femicidio de Cecilia Strzyzowski, el abogado, Juan D\u00edaz, renunci\u00f3 este mi\u00e9rcoles a la defensa legal tanto de C\u00e9sar Sena como de Fabiana Gonz\u00e1lez y Gustavo Obreg\u00f3n. Dijo que esta decisi\u00f3n la tom\u00f3 tras la incorporaci\u00f3n de nuevos elementos de prueba al expediente. Sin bien fue reservado en este sentido, se infiere que los imputados estar\u00edan muy complicados.<br \/>\n\u201cEn un comienzo tom\u00e9 la defensa de la familia Sena porque me hab\u00edan contratado y hasta el d\u00eda de ayer (martes) no hab\u00edan elementos de prueba que me impidan ejercer eficazmente mi defensa sin tener diferencias irreconciliables seg\u00fan mi criterio. Pero hoy se han incorporado elementos que no me van a permitir seguir defendi\u00e9ndolos, justamente por esa diferencia\u201d, sostuvo Diaz en declaraciones a CHACO DIA POR DIA.<br \/>\n\u00bfQu\u00e9 pruebas se incorporaron que lo llev\u00f3 a tomar esa decisi\u00f3n? \u201cSon elementos de prueba de car\u00e1cter muy reservado que no puedo hacer p\u00fablico\u201d, respondi\u00f3, escueto.<br \/>\n \u201cSocialmente soy conocido por ser abogado de estos dirigentes, que para m\u00ed son exdirigentes a esta altura, pero siempre lo hice en base a la defensa de derechos pol\u00edticos y sociales, pero otra cosa es defender un hecho criminal\u201d, aclar\u00f3.<br \/>\nCabe recordar que Marcela Acu\u00f1a y Emerenciano Sena, tambi\u00e9n detenidos por esta causa, ten\u00edan abogados distintos a los de su hijo, algo que llam\u00f3 la atenci\u00f3n en la jornada del martes: Juan Carlos Saife y Jorge Sebasti\u00e1n Vallejos fueron los elegidos para representarlos. Ahora, con la decisi\u00f3n de D\u00edaz, la decisi\u00f3n de ir con abogados diferenciales cobra otra dimensi\u00f3n.<\/p>\n<p>CHACO DIA POR DIA.-<\/p>\n","protected":false},"excerpt":{"rendered":"<p>As\u00ed lo asegur\u00f3 a CHACO DIA POR DIA, el abogado, Juan D\u00edaz. Se\u00f1al\u00f3 que, si bien en un primer momento no hab\u00eda pruebas contundentes para la imputaci\u00f3n contra el hijo de Emerenciano y Marcela Acu\u00f1a, la inclusi\u00f3n de recientes elementos probatorios, que complican a\u00fan m\u00e1s su situaci\u00f3n legal, hicieron tomar la decisi\u00f3n de dar un [&hellip;]<\/p>\n","protected":false},"author":1,"featured_media":22704,"comment_status":"closed","ping_status":"closed","sticky":false,"template":"","format":"standard","meta":{"footnotes":""},"categories":[6],"tags":[197],"class_list":{"0":"post-22703","1":"post","2":"type-post","3":"status-publish","4":"format-standard","5":"has-post-thumbnail","7":"category-chaco","8":"tag-destacada"},"_links":{"self":[{"href":"https:\/\/chacosintesis.com.ar\/index.php\/wp-json\/wp\/v2\/posts\/22703","targetHints":{"allow":["GET"]}}],"collection":[{"href":"https:\/\/chacosintesis.com.ar\/index.php\/wp-json\/wp\/v2\/posts"}],"about":[{"href":"https:\/\/chacosintesis.com.ar\/index.php\/wp-json\/wp\/v2\/types\/post"}],"author":[{"embeddable":true,"href":"https:\/\/chacosintesis.com.ar\/index.php\/wp-json\/wp\/v2\/users\/1"}],"replies":[{"embeddable":true,"href":"https:\/\/chacosintesis.com.ar\/index.php\/wp-json\/wp\/v2\/comments?post=22703"}],"version-history":[{"count":0,"href":"https:\/\/chacosintesis.com.ar\/index.php\/wp-json\/wp\/v2\/posts\/22703\/revisions"}],"wp:featuredmedia":[{"embeddable":true,"href":"https:\/\/chacosintesis.com.ar\/index.php\/wp-json\/wp\/v2\/media\/22704"}],"wp:attachment":[{"href":"https:\/\/chacosintesis.com.ar\/index.php\/wp-json\/wp\/v2\/media?parent=22703"}],"wp:term":[{"taxonomy":"category","embeddable":true,"href":"https:\/\/chacosintesis.com.ar\/index.php\/wp-json\/wp\/v2\/categories?post=22703"},{"taxonomy":"post_tag","embeddable":true,"href":"https:\/\/chacosintesis.com.ar\/index.php\/wp-json\/wp\/v2\/tags?post=22703"}],"curies":[{"name":"wp","href":"https:\/\/api.w.org\/{rel}","templated":true}]}}