{"id":22701,"date":"2023-06-14T10:16:17","date_gmt":"2023-06-14T13:16:17","guid":{"rendered":"https:\/\/chacosintesis.com.ar\/?p=22701"},"modified":"2023-06-14T10:37:41","modified_gmt":"2023-06-14T13:37:41","slug":"el-frio-se-sintio-en-el-interior-chaqueno-con-las-primeras-heladas","status":"publish","type":"post","link":"https:\/\/chacosintesis.com.ar\/index.php\/el-frio-se-sintio-en-el-interior-chaqueno-con-las-primeras-heladas\/","title":{"rendered":"El frio se sinti\u00f3 en el interior chaque\u00f1o con las primeras heladas"},"content":{"rendered":"<p>Con registros que bajaron a los 2 ,3 grados bajo cero en la ma\u00f1ana de este mi\u00e9rcoles S\u00e1enz Pe\u00f1a tuvo la temperatura m\u00e1s baja en lo que va del a\u00f1o. Tambi\u00e9n en la zona sur de la ciudad, Bajo Grande y Bajo Hondo chico, se registraron fuertes heladas.<br \/>\n En la zona de Du Graty y Los Frentones, corresponsales del matutino NORTE capturaron im\u00e1genes del comienzo de la ma\u00f1ana donde se observan heladas.<br \/>\nEsta ma\u00f1ana el SMN pronostica 1 grado de m\u00ednima para Resistencia. El intenso fr\u00edo se siente este mi\u00e9rcoles en gran parte del Chaco. En el interior, se registraron las primeras heladas.<br \/>\nCorresponsales de NORTE capturaron im\u00e1genes del comienzo de la ma\u00f1ana donde se observan heladas en algunos campos, principalmente en la zona rural. Este mi\u00e9rcoles, el Servicio Meteorol\u00f3gico Nacional anticipa 1 grado de m\u00ednima y 17 grados de m\u00e1xima con cielo algo nublado a parcialmente nublado a parcialmente nublado.<br \/>\n Para el jueves, el frio se aplaca ya que la m\u00ednima ascender\u00e1 a los 8 grados y la m\u00e1xima de 17 grados.<br \/>\nEl viernes, la temperatura comienza a subir paulatinamente ya que la m\u00ednima ascender\u00e1 en los 10 grados y la m\u00e1xima en 19 grados.<br \/>\n DIARIO NORTE.-<\/p>\n","protected":false},"excerpt":{"rendered":"<p>Con registros que bajaron a los 2 ,3 grados bajo cero en la ma\u00f1ana de este mi\u00e9rcoles S\u00e1enz Pe\u00f1a tuvo la temperatura m\u00e1s baja en lo que va del a\u00f1o. Tambi\u00e9n en la zona sur de la ciudad, Bajo Grande y Bajo Hondo chico, se registraron fuertes heladas. En la zona de Du Graty y [&hellip;]<\/p>\n","protected":false},"author":1,"featured_media":22702,"comment_status":"closed","ping_status":"closed","sticky":false,"template":"","format":"standard","meta":{"footnotes":""},"categories":[6],"tags":[197],"class_list":{"0":"post-22701","1":"post","2":"type-post","3":"status-publish","4":"format-standard","5":"has-post-thumbnail","7":"category-chaco","8":"tag-destacada"},"_links":{"self":[{"href":"https:\/\/chacosintesis.com.ar\/index.php\/wp-json\/wp\/v2\/posts\/22701","targetHints":{"allow":["GET"]}}],"collection":[{"href":"https:\/\/chacosintesis.com.ar\/index.php\/wp-json\/wp\/v2\/posts"}],"about":[{"href":"https:\/\/chacosintesis.com.ar\/index.php\/wp-json\/wp\/v2\/types\/post"}],"author":[{"embeddable":true,"href":"https:\/\/chacosintesis.com.ar\/index.php\/wp-json\/wp\/v2\/users\/1"}],"replies":[{"embeddable":true,"href":"https:\/\/chacosintesis.com.ar\/index.php\/wp-json\/wp\/v2\/comments?post=22701"}],"version-history":[{"count":0,"href":"https:\/\/chacosintesis.com.ar\/index.php\/wp-json\/wp\/v2\/posts\/22701\/revisions"}],"wp:featuredmedia":[{"embeddable":true,"href":"https:\/\/chacosintesis.com.ar\/index.php\/wp-json\/wp\/v2\/media\/22702"}],"wp:attachment":[{"href":"https:\/\/chacosintesis.com.ar\/index.php\/wp-json\/wp\/v2\/media?parent=22701"}],"wp:term":[{"taxonomy":"category","embeddable":true,"href":"https:\/\/chacosintesis.com.ar\/index.php\/wp-json\/wp\/v2\/categories?post=22701"},{"taxonomy":"post_tag","embeddable":true,"href":"https:\/\/chacosintesis.com.ar\/index.php\/wp-json\/wp\/v2\/tags?post=22701"}],"curies":[{"name":"wp","href":"https:\/\/api.w.org\/{rel}","templated":true}]}}