{"id":22699,"date":"2023-06-13T20:10:26","date_gmt":"2023-06-13T23:10:26","guid":{"rendered":"https:\/\/chacosintesis.com.ar\/?p=22699"},"modified":"2023-06-13T20:36:38","modified_gmt":"2023-06-13T23:36:38","slug":"un-equipo-nacional-acompana-en-la-provincia-el-ministerio-de-mujeres-pidio-celeridad-en-la-investigacion-por-la-desaparicion-de-cecilia","status":"publish","type":"post","link":"https:\/\/chacosintesis.com.ar\/index.php\/un-equipo-nacional-acompana-en-la-provincia-el-ministerio-de-mujeres-pidio-celeridad-en-la-investigacion-por-la-desaparicion-de-cecilia\/","title":{"rendered":"Un equipo nacional acompa\u00f1a en la provincia: El Ministerio de Mujeres pidi\u00f3 &#8220;celeridad en la investigaci\u00f3n&#8221; por la desaparici\u00f3n de Cecilia"},"content":{"rendered":"<p>Adem\u00e1s, desde la cartera hicieron hincapi\u00e9 en \u201cmantener la reserva y responsabilidad en el manejo de la informaci\u00f3n para no entorpecer la investigaci\u00f3n, cuidar a la familia y garantizar el correcto procedimiento\u201d.<br \/>\nEl Ministerio de Mujeres, G\u00e9neros y Diversidad (MMGyD) solicit\u00f3 al equipo de fiscales que investiga la desaparici\u00f3n o el femicidio de Cecilia Strzyzowski, la joven de 28 a\u00f1os que es buscada desde el 1 de junio en Resistencia, que act\u00fae con \u201cceleridad\u201d y con \u201creserva y responsabilidad en el manejo de la informaci\u00f3n\u201d, informaron hoy desde la cartera nacional.<br \/>\nEn un comunicado difundido esta tarde, el Ministerio se\u00f1al\u00f3 que trabaja \u201cen continua colaboraci\u00f3n con la Secretar\u00eda de Derechos Humanos y G\u00e9neros del Chaco\u201d y que \u201cla coordinaci\u00f3n local del Programa Acercar Derechos (PAD)\u201d de la cartera se encuentra \u201ca disposici\u00f3n de la familia y su equipo jur\u00eddico\u201d.<br \/>\nPor otro lado, se\u00f1alaron que el viernes pasado presentaron \u201cun escrito ante la fiscal\u00eda actuante para garantizar que se consideren los marcos normativos y recomendaciones para la b\u00fasqueda de mujeres desaparecidas conforme los est\u00e1ndares internacionales y compromisos asumidos\u201d por Argentina.<br \/>\nMientras que ayer, la subsecretaria de Abordaje Integral de las Violencias por Razones de G\u00e9nero del MMGyD, Laurana Malacalza, junto a Silvana P\u00e9rez, Secretaria de DDHH y G\u00e9nero provincial, concurrieron junto a los abogados de la madre de Strzyzowski a una audiencia realizada con el fiscal de Investigaci\u00f3n 4, Jorge C\u00e1ceres Olivera.<br \/>\n\u201cSe solicit\u00f3 celeridad en la investigaci\u00f3n, as\u00ed como reserva y responsabilidad en el manejo de la informaci\u00f3n para no entorpecer la investigaci\u00f3n, cuidar a la familia y garantizar el correcto procedimiento\u201d, afirmaron desde la cartera.<br \/>\nSobre Cecilia Strzyzowski<br \/>\nCecilia fue vista por \u00faltima vez el 1 de junio, mide 1,65 metros, tiene cabello casta\u00f1o oscuro, lacio y tez blanca.<br \/>\nAl momento de su desaparici\u00f3n, vest\u00eda un pantal\u00f3n tipo buzo, color gris claro, un saco tipo campera color gris oscuro, con zapatillas color gris con rosado.<br \/>\nSe solicita a la sociedad dar alerta a cualquier n\u00famero de emergencia como el servicio 911, la L\u00ednea 137 y la Guardia de G\u00e9nero (362) 474-6518 si tienen alg\u00fan dato sobre su paradero.<br \/>\nFuente: T\u00e9lam<\/p>\n","protected":false},"excerpt":{"rendered":"<p>Adem\u00e1s, desde la cartera hicieron hincapi\u00e9 en \u201cmantener la reserva y responsabilidad en el manejo de la informaci\u00f3n para no entorpecer la investigaci\u00f3n, cuidar a la familia y garantizar el correcto procedimiento\u201d. El Ministerio de Mujeres, G\u00e9neros y Diversidad (MMGyD) solicit\u00f3 al equipo de fiscales que investiga la desaparici\u00f3n o el femicidio de Cecilia Strzyzowski, [&hellip;]<\/p>\n","protected":false},"author":1,"featured_media":22700,"comment_status":"closed","ping_status":"closed","sticky":false,"template":"","format":"standard","meta":{"footnotes":""},"categories":[6],"tags":[],"class_list":{"0":"post-22699","1":"post","2":"type-post","3":"status-publish","4":"format-standard","5":"has-post-thumbnail","7":"category-chaco"},"_links":{"self":[{"href":"https:\/\/chacosintesis.com.ar\/index.php\/wp-json\/wp\/v2\/posts\/22699","targetHints":{"allow":["GET"]}}],"collection":[{"href":"https:\/\/chacosintesis.com.ar\/index.php\/wp-json\/wp\/v2\/posts"}],"about":[{"href":"https:\/\/chacosintesis.com.ar\/index.php\/wp-json\/wp\/v2\/types\/post"}],"author":[{"embeddable":true,"href":"https:\/\/chacosintesis.com.ar\/index.php\/wp-json\/wp\/v2\/users\/1"}],"replies":[{"embeddable":true,"href":"https:\/\/chacosintesis.com.ar\/index.php\/wp-json\/wp\/v2\/comments?post=22699"}],"version-history":[{"count":0,"href":"https:\/\/chacosintesis.com.ar\/index.php\/wp-json\/wp\/v2\/posts\/22699\/revisions"}],"wp:featuredmedia":[{"embeddable":true,"href":"https:\/\/chacosintesis.com.ar\/index.php\/wp-json\/wp\/v2\/media\/22700"}],"wp:attachment":[{"href":"https:\/\/chacosintesis.com.ar\/index.php\/wp-json\/wp\/v2\/media?parent=22699"}],"wp:term":[{"taxonomy":"category","embeddable":true,"href":"https:\/\/chacosintesis.com.ar\/index.php\/wp-json\/wp\/v2\/categories?post=22699"},{"taxonomy":"post_tag","embeddable":true,"href":"https:\/\/chacosintesis.com.ar\/index.php\/wp-json\/wp\/v2\/tags?post=22699"}],"curies":[{"name":"wp","href":"https:\/\/api.w.org\/{rel}","templated":true}]}}