{"id":22697,"date":"2023-06-13T20:08:20","date_gmt":"2023-06-13T23:08:20","guid":{"rendered":"https:\/\/chacosintesis.com.ar\/?p=22697"},"modified":"2023-06-13T20:36:37","modified_gmt":"2023-06-13T23:36:37","slug":"caso-cecilia-el-equipo-fiscal-y-la-policia-conformaron-mesa-de-analisis-de-las-pruebas","status":"publish","type":"post","link":"https:\/\/chacosintesis.com.ar\/index.php\/caso-cecilia-el-equipo-fiscal-y-la-policia-conformaron-mesa-de-analisis-de-las-pruebas\/","title":{"rendered":"Caso Cecilia: el equipo fiscal y la Polic\u00eda conformaron mesa de an\u00e1lisis de las pruebas"},"content":{"rendered":"<p>El espacio de trabajo permitir\u00e1 informar avances y realizar el seguimiento de la investigaci\u00f3n por la desaparici\u00f3n y presunto femicidio de Cecilia. La Polic\u00eda del Chaco pone a disposici\u00f3n de la Justicia recursos humanos y t\u00e9cnicos, mientras que la Secretar\u00eda de Derechos Humanos y G\u00e9neros fue confirmada como querellante.<br \/>\nEl gobierno provincial contin\u00faa poniendo a disposici\u00f3n todos los recursos que requiera el equipo fiscal especial conformado por la Justicia para la investigaci\u00f3n por el presunto femicidio de Cecilia Strzyzowski, quien permanece desaparecida.  Este martes el Equipo Fiscal conform\u00f3 una mesa de an\u00e1lisis de pruebas con autoridades de la Direcci\u00f3n General de Investigaciones de la Polic\u00eda del Chaco.<br \/>\nDurante el encuentro, realizado en la Jefatura de Polic\u00eda, los funcionarios judiciales y policiales trabajaron en el dise\u00f1o de estrategias de seguimiento de la causa que se encuentra en plena etapa de an\u00e1lisis de las pruebas recolectadas, a la espera de la evaluaci\u00f3n de las declaraciones testimoniales realizadas a las personas detenidas.<br \/>\nAdem\u00e1s, la Secretar\u00eda de Derechos Humanos y G\u00e9neros qued\u00f3 formalmente constituida como querellante de la causa en defensa de la familia de la v\u00edctima. Paralelamente, se pusieron a disposici\u00f3n los equipos interdisciplinarios ante cualquier necesidad de acompa\u00f1amiento que tenga la familia de Cecilia.  Desde el momento en que la madre de la joven realiz\u00f3 la denuncia por la desaparici\u00f3n de su hija, el 6 de junio, el Gobierno provincial puso en marcha los protocolos del Sistema Provincial de B\u00fasqueda de Personas alertando tanto a fuerzas provinciales como federales, y a otras provincias sobre el caso.<br \/>\nAnte cualquier situaci\u00f3n de violencia, dar alerta a los n\u00fameros de emergencia como el Servicio 911, la L\u00ednea 137 y la Guardia de G\u00e9nero 362 474-6518, tambi\u00e9n quien posea informaci\u00f3n sobre Cecilia, pueden acercarse a la comisar\u00eda m\u00e1s cercana o a las oficinas judiciales.<\/p>\n","protected":false},"excerpt":{"rendered":"<p>El espacio de trabajo permitir\u00e1 informar avances y realizar el seguimiento de la investigaci\u00f3n por la desaparici\u00f3n y presunto femicidio de Cecilia. La Polic\u00eda del Chaco pone a disposici\u00f3n de la Justicia recursos humanos y t\u00e9cnicos, mientras que la Secretar\u00eda de Derechos Humanos y G\u00e9neros fue confirmada como querellante. El gobierno provincial contin\u00faa poniendo a [&hellip;]<\/p>\n","protected":false},"author":1,"featured_media":22698,"comment_status":"closed","ping_status":"closed","sticky":false,"template":"","format":"standard","meta":{"footnotes":""},"categories":[6],"tags":[],"class_list":{"0":"post-22697","1":"post","2":"type-post","3":"status-publish","4":"format-standard","5":"has-post-thumbnail","7":"category-chaco"},"_links":{"self":[{"href":"https:\/\/chacosintesis.com.ar\/index.php\/wp-json\/wp\/v2\/posts\/22697","targetHints":{"allow":["GET"]}}],"collection":[{"href":"https:\/\/chacosintesis.com.ar\/index.php\/wp-json\/wp\/v2\/posts"}],"about":[{"href":"https:\/\/chacosintesis.com.ar\/index.php\/wp-json\/wp\/v2\/types\/post"}],"author":[{"embeddable":true,"href":"https:\/\/chacosintesis.com.ar\/index.php\/wp-json\/wp\/v2\/users\/1"}],"replies":[{"embeddable":true,"href":"https:\/\/chacosintesis.com.ar\/index.php\/wp-json\/wp\/v2\/comments?post=22697"}],"version-history":[{"count":0,"href":"https:\/\/chacosintesis.com.ar\/index.php\/wp-json\/wp\/v2\/posts\/22697\/revisions"}],"wp:featuredmedia":[{"embeddable":true,"href":"https:\/\/chacosintesis.com.ar\/index.php\/wp-json\/wp\/v2\/media\/22698"}],"wp:attachment":[{"href":"https:\/\/chacosintesis.com.ar\/index.php\/wp-json\/wp\/v2\/media?parent=22697"}],"wp:term":[{"taxonomy":"category","embeddable":true,"href":"https:\/\/chacosintesis.com.ar\/index.php\/wp-json\/wp\/v2\/categories?post=22697"},{"taxonomy":"post_tag","embeddable":true,"href":"https:\/\/chacosintesis.com.ar\/index.php\/wp-json\/wp\/v2\/tags?post=22697"}],"curies":[{"name":"wp","href":"https:\/\/api.w.org\/{rel}","templated":true}]}}