{"id":22679,"date":"2023-06-13T16:12:22","date_gmt":"2023-06-13T19:12:22","guid":{"rendered":"https:\/\/chacosintesis.com.ar\/?p=22679"},"modified":"2023-06-13T16:36:42","modified_gmt":"2023-06-13T19:36:42","slug":"primera-reunion-del-consejo-apicola-provincial-amplio-temario-e-importantes-definiciones","status":"publish","type":"post","link":"https:\/\/chacosintesis.com.ar\/index.php\/primera-reunion-del-consejo-apicola-provincial-amplio-temario-e-importantes-definiciones\/","title":{"rendered":"Primera reuni\u00f3n del Consejo Ap\u00edcola Provincial: amplio temario e importantes definiciones"},"content":{"rendered":"<p>La jornada permiti\u00f3 el an\u00e1lisis y tratamiento de una amplia agenda que permiti\u00f3 definir distintas cuestiones vinculadas especialmente con la planificaci\u00f3n del sector.<br \/>\nEl Consejo Ap\u00edcola Provincial tuvo su primera reuni\u00f3n, instancia de la que participaron funcionarios del Ministerio de Producci\u00f3n, Industria y Empleo en representaci\u00f3n del gobierno. La jornada, que tuvo lugar en Juan Jos\u00e9 Castelli, permiti\u00f3 el an\u00e1lisis y tratamiento de un amplio temario a partir del cual se definieron distintas cuestiones vinculadas especialmente con la planificaci\u00f3n del sector.<br \/>\n\u201cSe trat\u00f3 de una primera reuni\u00f3n muy auspiciosa de este consejo asesor que hemos puesto en marcha y que cuenta con todo el respaldo y acompa\u00f1amiento de la cartera productiva\u201d, asegur\u00f3 este martes el subsecretario de Ganader\u00eda, Sebasti\u00e1n Bravo. \u201cEl sector ap\u00edcola es clave y estrat\u00e9gico para nuestra gesti\u00f3n en t\u00e9rminos de afianzar la producci\u00f3n de miel chaque\u00f1a puntualmente en lo que hace a los mercados internacionales\u201d, agreg\u00f3.<br \/>\nEl funcionario destac\u00f3 los resultados de la jornada y adelant\u00f3 el \u201ccompromiso\u201d del Ministerio de Producci\u00f3n para trabajar en las soluciones que demanda la actualidad ap\u00edcola.<br \/>\nDel encuentro participaron representantes de un total de 18 asociaciones y cooperativas que nuclean a productores de distintos puntos del territorio provincial. De acuerdo con la conformaci\u00f3n del Consejo Ap\u00edcola cada zona productiva cuenta con presencia y participaci\u00f3n directa en este flamante organismo.<br \/>\nComo parte de la reuni\u00f3n, las y los integrantes de la mesa trabajo abordaron distintos temas entre ellos la necesidad de contar con un organigrama del \u00e1rea ap\u00edcola; desarrollar una planificaci\u00f3n anual; completar un an\u00e1lisis exhaustivo sobre la emergencia provincial; y el trabajo a desplegar ante una nueva edici\u00f3n de la muestra internacional Apimondia.<br \/>\n\u201cNos parece muy importante contar con este tipo de \u00e1mbitos de debate e intercambio en el que cada uno de los actores de la cadena de valor puede exponer sus pareceres e iniciativas\u201d, apunt\u00f3 Bravo.<br \/>\nFinalmente, y en el marco del encuentro -que tuvo lugar en la sede de la Asociaci\u00f3n de Apicultores de Juan Jos\u00e9 Castelli- fue elegido Jos\u00e9 Albino Chichari como representante del Consejo en tanto que Luis G\u00f3mez fue designado en el cargo de secretario.<\/p>\n","protected":false},"excerpt":{"rendered":"<p>La jornada permiti\u00f3 el an\u00e1lisis y tratamiento de una amplia agenda que permiti\u00f3 definir distintas cuestiones vinculadas especialmente con la planificaci\u00f3n del sector. El Consejo Ap\u00edcola Provincial tuvo su primera reuni\u00f3n, instancia de la que participaron funcionarios del Ministerio de Producci\u00f3n, Industria y Empleo en representaci\u00f3n del gobierno. La jornada, que tuvo lugar en Juan [&hellip;]<\/p>\n","protected":false},"author":1,"featured_media":22680,"comment_status":"closed","ping_status":"closed","sticky":false,"template":"","format":"standard","meta":{"footnotes":""},"categories":[6],"tags":[],"class_list":{"0":"post-22679","1":"post","2":"type-post","3":"status-publish","4":"format-standard","5":"has-post-thumbnail","7":"category-chaco"},"_links":{"self":[{"href":"https:\/\/chacosintesis.com.ar\/index.php\/wp-json\/wp\/v2\/posts\/22679","targetHints":{"allow":["GET"]}}],"collection":[{"href":"https:\/\/chacosintesis.com.ar\/index.php\/wp-json\/wp\/v2\/posts"}],"about":[{"href":"https:\/\/chacosintesis.com.ar\/index.php\/wp-json\/wp\/v2\/types\/post"}],"author":[{"embeddable":true,"href":"https:\/\/chacosintesis.com.ar\/index.php\/wp-json\/wp\/v2\/users\/1"}],"replies":[{"embeddable":true,"href":"https:\/\/chacosintesis.com.ar\/index.php\/wp-json\/wp\/v2\/comments?post=22679"}],"version-history":[{"count":0,"href":"https:\/\/chacosintesis.com.ar\/index.php\/wp-json\/wp\/v2\/posts\/22679\/revisions"}],"wp:featuredmedia":[{"embeddable":true,"href":"https:\/\/chacosintesis.com.ar\/index.php\/wp-json\/wp\/v2\/media\/22680"}],"wp:attachment":[{"href":"https:\/\/chacosintesis.com.ar\/index.php\/wp-json\/wp\/v2\/media?parent=22679"}],"wp:term":[{"taxonomy":"category","embeddable":true,"href":"https:\/\/chacosintesis.com.ar\/index.php\/wp-json\/wp\/v2\/categories?post=22679"},{"taxonomy":"post_tag","embeddable":true,"href":"https:\/\/chacosintesis.com.ar\/index.php\/wp-json\/wp\/v2\/tags?post=22679"}],"curies":[{"name":"wp","href":"https:\/\/api.w.org\/{rel}","templated":true}]}}