{"id":22673,"date":"2023-06-13T15:52:51","date_gmt":"2023-06-13T18:52:51","guid":{"rendered":"https:\/\/chacosintesis.com.ar\/?p=22673"},"modified":"2023-06-13T16:06:41","modified_gmt":"2023-06-13T19:06:41","slug":"dia-12-donde-esta-cecilia-caso-cecilia-strzyzowski-se-espera-la-declaracion-de-los-detenidos-y-la-familia-convoca-a-una-marcha-de-antorchas","status":"publish","type":"post","link":"https:\/\/chacosintesis.com.ar\/index.php\/dia-12-donde-esta-cecilia-caso-cecilia-strzyzowski-se-espera-la-declaracion-de-los-detenidos-y-la-familia-convoca-a-una-marcha-de-antorchas\/","title":{"rendered":"D\u00eda 12 : D\u00f3nde est\u00e1 Cecilia? Caso Cecilia Strzyzowski: Se espera la declaraci\u00f3n de los detenidos y la familia convoca a una marcha de antorchas"},"content":{"rendered":"<p>D\u00f3nde est\u00e1 Cecilia? es la pregunta que se sigue haciendo la sociedad cuando se cumplen hoy 12 d\u00edas de que se la vio a por \u00faltima vez. Los detenidos por la causa fueron citados a declarar hoy. Ma\u00f1ana nueva marcha de silencio y antorchas convocada por la familia de la joven.<br \/>\nSe espera para el transcurso de la ma\u00f1ana la declaraci\u00f3n de las personas que se encuentran detenidas en la causa que se investiga por la desaparici\u00f3n de Cecilia Strzyzowski . D\u00f3nde est\u00e1 Cecilia? es la pregunta que se sigue haciendo la sociedad cuando se cumplen hoy 12 d\u00edas de que se la vio a Cecilia con vida. El 1 de junio las c\u00e1maras de seguridad registran el ingreso de Cecilia Strzyzowski al domicilio de C\u00e9sar Sena, Emerenciano Sena y Marcela Acu\u00f1a.<\/p>\n<p>Por la desaparici\u00f3n de Cecilia se encuentran detenidos un total de siete personas, los cuales se espera que declaren en el transcurso del d\u00eda. Adem\u00e1s de la familia Sena (Emerenciano Sena, Marcela Acu\u00f1a y C\u00e9sar Sena), se encuentran entre los detenidos un matrimonio vinculado a los l\u00edderes sociales, quienes han trabajado en colaboraci\u00f3n con ellos durante varios a\u00f1os. Asimismo, se sum\u00f3 a la lista de detenidos Fabiana Gonz\u00e1lez , y Gustavo Obreg\u00f3n. Adem\u00e1s, se encuentra detenido el casero de Tres Horqueta, de apellido Melgarejo que era buscado por otra causa de violencia de g\u00e9nero.<\/p>\n<p>Anoche en declaraciones a Chaco TV, la ministra de Seguridad y Justicia de la provincia, Gloria Zalazar se\u00f1al\u00f3  : \u201c que en total hay ocho personas detenidas (siete por esta causa y una m\u00e1s detenida por otras razones)\u201d.<br \/>\nEn este contexto, Zalazar asegur\u00f3 que ser\u00e1 el fiscal de la causa el que determine qu\u00e9 tipo de declaraci\u00f3n le tomar\u00e1 a cada una. \u201c Hay que recalcar, que  se debe ser respetuoso del lenguaje comunicacional que se utiliza.  El Fiscal habla de que fueron jornadas positivas en los procedimientos que recogieron numerosas evidencias son de inter\u00e9s en la causa. Ese es el t\u00e9rmino, no hay ninguna otra cosa m\u00e1s. Y hasta tanto \u00e9l lo defina, qu\u00e9 es lo que colect\u00f3 e incorpor\u00f3 al proceso, hay que ser respetuosos\u201d.<br \/>\nEquipo fiscal<\/p>\n<p>En las \u00faltimas horas se conoci\u00f3 de la incorporaci\u00f3n de una fiscal m\u00e1s al equipo, que ser\u00eda Nelida Vazquez . En tanto el fiscal de C\u00e1mara, Jorge Fernando G\u00f3mez ya  forma parte del equipo fiscal junto a Jorge C\u00e1ceres Olivera, de la Fiscal\u00eda N\u00b04, para investigar exhaustivamente lo sucedido en la causa por la desaparici\u00f3n de Cecilia Strzyzowski.<br \/>\nSeg\u00fan se pudo conocer el equipo de fiscales del Ministerio P\u00fablico Fiscal se reunir\u00e1n hoy (martes) desde temprano para unificar y recopilar la informaci\u00f3n entera del expediente.<br \/>\nNueva marcha<br \/>\nMientras se siguen esperando nuevas novedades sobre el caso, desde la familia de Cecilia se volvi\u00f3 a convocar a una marcha de silencio, para ma\u00f1ana (14 de junio) a las 20,30  en la Plaza 25 de Mayo.  Se espera que la misma se replique en otros puntos de la provincia.<br \/>\nEsta nueva marcha se realizar\u00e1 bajo el lema &#8220;Recordemos a Ceci con la luz que la caracteriza&#8221;, dice el lema bajo el cual saldr\u00e1n a las calles una vez m\u00e1s para pedir por la aparici\u00f3n de la joven de 28 a\u00f1os. Las convocatorias piden que se acerquen con una vela o el flash del celular .<\/p>\n<p>Pedido de colaboraci\u00f3n<br \/>\nCecilia fue vista por \u00faltima vez el 1 de junio, mide 1,65 metros, tiene cabello casta\u00f1o oscuro, lacio y tez blanca. Al momento de su desaparici\u00f3n, vest\u00eda un pantal\u00f3n tipo buzo, color gris claro, un saco tipo campera color gris oscuro, con zapatillas color gris con rosado. Se solicita a la sociedad dar alerta a cualquier n\u00famero de emergencia como el servicio 911, la L\u00ednea 137 y la Guardia de G\u00e9nero (362) 474-6518 si tienen alg\u00fan dato sobre su paradero.<\/p>\n","protected":false},"excerpt":{"rendered":"<p>D\u00f3nde est\u00e1 Cecilia? es la pregunta que se sigue haciendo la sociedad cuando se cumplen hoy 12 d\u00edas de que se la vio a por \u00faltima vez. Los detenidos por la causa fueron citados a declarar hoy. Ma\u00f1ana nueva marcha de silencio y antorchas convocada por la familia de la joven. Se espera para el [&hellip;]<\/p>\n","protected":false},"author":1,"featured_media":22674,"comment_status":"closed","ping_status":"closed","sticky":false,"template":"","format":"standard","meta":{"footnotes":""},"categories":[6],"tags":[],"class_list":{"0":"post-22673","1":"post","2":"type-post","3":"status-publish","4":"format-standard","5":"has-post-thumbnail","7":"category-chaco"},"_links":{"self":[{"href":"https:\/\/chacosintesis.com.ar\/index.php\/wp-json\/wp\/v2\/posts\/22673","targetHints":{"allow":["GET"]}}],"collection":[{"href":"https:\/\/chacosintesis.com.ar\/index.php\/wp-json\/wp\/v2\/posts"}],"about":[{"href":"https:\/\/chacosintesis.com.ar\/index.php\/wp-json\/wp\/v2\/types\/post"}],"author":[{"embeddable":true,"href":"https:\/\/chacosintesis.com.ar\/index.php\/wp-json\/wp\/v2\/users\/1"}],"replies":[{"embeddable":true,"href":"https:\/\/chacosintesis.com.ar\/index.php\/wp-json\/wp\/v2\/comments?post=22673"}],"version-history":[{"count":0,"href":"https:\/\/chacosintesis.com.ar\/index.php\/wp-json\/wp\/v2\/posts\/22673\/revisions"}],"wp:featuredmedia":[{"embeddable":true,"href":"https:\/\/chacosintesis.com.ar\/index.php\/wp-json\/wp\/v2\/media\/22674"}],"wp:attachment":[{"href":"https:\/\/chacosintesis.com.ar\/index.php\/wp-json\/wp\/v2\/media?parent=22673"}],"wp:term":[{"taxonomy":"category","embeddable":true,"href":"https:\/\/chacosintesis.com.ar\/index.php\/wp-json\/wp\/v2\/categories?post=22673"},{"taxonomy":"post_tag","embeddable":true,"href":"https:\/\/chacosintesis.com.ar\/index.php\/wp-json\/wp\/v2\/tags?post=22673"}],"curies":[{"name":"wp","href":"https:\/\/api.w.org\/{rel}","templated":true}]}}