{"id":22667,"date":"2023-06-13T15:46:12","date_gmt":"2023-06-13T18:46:12","guid":{"rendered":"https:\/\/chacosintesis.com.ar\/?p=22667"},"modified":"2023-06-13T16:06:40","modified_gmt":"2023-06-13T19:06:40","slug":"dia-del-padre-el-comercio-se-prepara-con-diferentes-promociones","status":"publish","type":"post","link":"https:\/\/chacosintesis.com.ar\/index.php\/dia-del-padre-el-comercio-se-prepara-con-diferentes-promociones\/","title":{"rendered":"D\u00eda del Padre: el comercio se prepara con diferentes promociones"},"content":{"rendered":"<p>Se trata de \u201cla primera fecha comercial fuerte en el calendario anual de ventas del consumo minorista\u201d, aseguran desde la entidad capitalina.<br \/>\nLa C\u00e1mara de Comercio de Resistencia se prepara para las compras por el D\u00eda del Padre, a celebrarse este domingo 18, con diferentes promociones. En relaci\u00f3n a ello, Iv\u00e1n Bonzi, presidente de la C\u00e1mara de Comercio dialog\u00f3 con Chaco TV y manifest\u00f3 que se trata de \u201cla primera fecha comercial fuerte en el calendario anual de ventas del consumo minorista\u201d.<br \/>\n\u201cDesde la C\u00e1mara de Comercio pensamos en buscar herramientas para que el comercio pueda aprovechar esta fecha y vender\u201d, expres\u00f3 Bonzi. \u201cTenemos una promoci\u00f3n que se llama Super Pap\u00e1, en donde los consumidores con tickets superiores a mil pesos podr\u00e1n canjearlos por un cup\u00f3n en los puntos ubicados en las intersecciones de Juan Domingo Per\u00f3n y Av. Alberdi y de Santa Mar\u00eda de Oro y Juan Domingo Per\u00f3n\u201d, coment\u00f3 y agreg\u00f3: \u201cese cup\u00f3n participar\u00e1 de sorteos con premios que son aportados por los mismos comercios que est\u00e1n adheridos\u201d.<br \/>\nAdem\u00e1s, el presidente de la C\u00e1mara de Comercio destac\u00f3 que \u201ca\u00f1os anteriores tuvimos buenos resultados, muchos comercios se sumaron y aportaron algo para poder ser sorteados entre los consumidores que apoyan al comercio local y que realizan la compra del d\u00eda del padre en un local chaque\u00f1o\u201d. \u201cEs una fuente de empleo chaque\u00f1o, que paga impuestos en la provincia y que invierte en nuestra ciudad\u201d, remarc\u00f3.<br \/>\nPor otra parte, mencion\u00f3 tambi\u00e9n: \u201cvenimos trabajando con el directorio del Nuevo Banco del Chaco en nuestra inquietud de contar con promociones con Tarjeta Tuya\u201d. \u201cMa\u00f1ana se anunciar\u00e1 una promoci\u00f3n especial para el D\u00eda del Padre y nosotros vamos a estar acompa\u00f1ando como C\u00e1mara de Comercio\u201d, adelant\u00f3 Bonzi.<br \/>\nFinalmente, invit\u00f3 a los consumidores \u201ca que realicen sus compras, si es de manera anticipada mejor, para que no se junten todos a \u00faltimo momento y el comerciante pueda atenderlos como se merece cada consumidor\u201d.<\/p>\n","protected":false},"excerpt":{"rendered":"<p>Se trata de \u201cla primera fecha comercial fuerte en el calendario anual de ventas del consumo minorista\u201d, aseguran desde la entidad capitalina. La C\u00e1mara de Comercio de Resistencia se prepara para las compras por el D\u00eda del Padre, a celebrarse este domingo 18, con diferentes promociones. En relaci\u00f3n a ello, Iv\u00e1n Bonzi, presidente de la [&hellip;]<\/p>\n","protected":false},"author":1,"featured_media":22668,"comment_status":"closed","ping_status":"closed","sticky":false,"template":"","format":"standard","meta":{"footnotes":""},"categories":[6],"tags":[],"class_list":{"0":"post-22667","1":"post","2":"type-post","3":"status-publish","4":"format-standard","5":"has-post-thumbnail","7":"category-chaco"},"_links":{"self":[{"href":"https:\/\/chacosintesis.com.ar\/index.php\/wp-json\/wp\/v2\/posts\/22667","targetHints":{"allow":["GET"]}}],"collection":[{"href":"https:\/\/chacosintesis.com.ar\/index.php\/wp-json\/wp\/v2\/posts"}],"about":[{"href":"https:\/\/chacosintesis.com.ar\/index.php\/wp-json\/wp\/v2\/types\/post"}],"author":[{"embeddable":true,"href":"https:\/\/chacosintesis.com.ar\/index.php\/wp-json\/wp\/v2\/users\/1"}],"replies":[{"embeddable":true,"href":"https:\/\/chacosintesis.com.ar\/index.php\/wp-json\/wp\/v2\/comments?post=22667"}],"version-history":[{"count":0,"href":"https:\/\/chacosintesis.com.ar\/index.php\/wp-json\/wp\/v2\/posts\/22667\/revisions"}],"wp:featuredmedia":[{"embeddable":true,"href":"https:\/\/chacosintesis.com.ar\/index.php\/wp-json\/wp\/v2\/media\/22668"}],"wp:attachment":[{"href":"https:\/\/chacosintesis.com.ar\/index.php\/wp-json\/wp\/v2\/media?parent=22667"}],"wp:term":[{"taxonomy":"category","embeddable":true,"href":"https:\/\/chacosintesis.com.ar\/index.php\/wp-json\/wp\/v2\/categories?post=22667"},{"taxonomy":"post_tag","embeddable":true,"href":"https:\/\/chacosintesis.com.ar\/index.php\/wp-json\/wp\/v2\/tags?post=22667"}],"curies":[{"name":"wp","href":"https:\/\/api.w.org\/{rel}","templated":true}]}}