{"id":22665,"date":"2023-06-13T15:44:52","date_gmt":"2023-06-13T18:44:52","guid":{"rendered":"https:\/\/chacosintesis.com.ar\/?p=22665"},"modified":"2023-06-13T16:06:39","modified_gmt":"2023-06-13T19:06:39","slug":"desaparicion-de-cecilia-strzyzowski-empezariamos-por-la-familia-sena-adelanto-el-fiscal-sobre-las-declaraciones-indagatorias","status":"publish","type":"post","link":"https:\/\/chacosintesis.com.ar\/index.php\/desaparicion-de-cecilia-strzyzowski-empezariamos-por-la-familia-sena-adelanto-el-fiscal-sobre-las-declaraciones-indagatorias\/","title":{"rendered":"Desaparici\u00f3n de Cecilia Strzyzowski: \u201cEmpezar\u00edamos por la familia Sena\u201d, adelant\u00f3 el fiscal sobre las declaraciones indagatorias"},"content":{"rendered":"<p>Este martes se pondr\u00e1 en marcha la jornada de declaraciones indagatorias para los siete imputados en la causa que investiga la desaparici\u00f3n de Cecilia Strzyzowski, de quien hace ya 12 d\u00edas no se conoce su paradero.<br \/>\nAl respecto, el fiscal de C\u00e1mara Jorge Fern\u00e1ndez G\u00f3mez, quien se sum\u00f3 ayer a la causa, adelant\u00f3 en comunicaci\u00f3n con los medios desde la Fiscal\u00eda que las declaraciones iniciar\u00edan \u201ccreemos que en el horario de la siesta\u201d, y explic\u00f3 que ser\u00e1n \u201ca todos los que hoy se pueda, lo que nos den los tiempos, pero en principio empezar\u00edamos por la familia Sena\u201d.<br \/>\nAdem\u00e1s, al ser consultado sobre la car\u00e1tula de femicidio, el fiscal se\u00f1al\u00f3 que \u201ctodav\u00eda no\u201d se estableci\u00f3, y explic\u00f3 que esto \u201cse va a ver en el momento que se les relata el hecho y se les dice cual es la calificaci\u00f3n legal en funci\u00f3n del hecho\u201d.<br \/>\nPor otra parte, indic\u00f3 que su rol es \u201cayudar a la investigaci\u00f3n\u201d. \u201cEl titular sigue siendo el Dr. Jorge C\u00e1ceres Olivera, yo vengo a colaborar con \u00e9l. Desde mi punto de vista, creo que hay que sumar m\u00e1s gente, pero esa es mi opini\u00f3n. Todo se va a ir viendo, se hace un camino y se va viendo a medida que haya nuevas situaciones\u201d, concluy\u00f3.<br \/>\nLos detenidos en marco de la investigaci\u00f3n son C\u00e9sar Sena (pareja de Strzyzowski), los padres de \u00e9ste, el ahora ex precandidato a diputado provincial Emerenciano Sena y su esposa, la ex precandidata a intendenta de Resistencia Marcela Acu\u00f1a; Fabiana Gonz\u00e1lez, asistente del matrimonio, y su esposo Gustavo Obreg\u00f3n; Gustavo Melgarejo, casero del campo de los Sena quien ten\u00eda pedido de captura por una causa por violencia de g\u00e9nero, m\u00e1s otra persona, de qui\u00e9n se desconoce identidad.<\/p>\n","protected":false},"excerpt":{"rendered":"<p>Este martes se pondr\u00e1 en marcha la jornada de declaraciones indagatorias para los siete imputados en la causa que investiga la desaparici\u00f3n de Cecilia Strzyzowski, de quien hace ya 12 d\u00edas no se conoce su paradero. Al respecto, el fiscal de C\u00e1mara Jorge Fern\u00e1ndez G\u00f3mez, quien se sum\u00f3 ayer a la causa, adelant\u00f3 en comunicaci\u00f3n [&hellip;]<\/p>\n","protected":false},"author":1,"featured_media":22666,"comment_status":"closed","ping_status":"closed","sticky":false,"template":"","format":"standard","meta":{"footnotes":""},"categories":[6],"tags":[],"class_list":{"0":"post-22665","1":"post","2":"type-post","3":"status-publish","4":"format-standard","5":"has-post-thumbnail","7":"category-chaco"},"_links":{"self":[{"href":"https:\/\/chacosintesis.com.ar\/index.php\/wp-json\/wp\/v2\/posts\/22665","targetHints":{"allow":["GET"]}}],"collection":[{"href":"https:\/\/chacosintesis.com.ar\/index.php\/wp-json\/wp\/v2\/posts"}],"about":[{"href":"https:\/\/chacosintesis.com.ar\/index.php\/wp-json\/wp\/v2\/types\/post"}],"author":[{"embeddable":true,"href":"https:\/\/chacosintesis.com.ar\/index.php\/wp-json\/wp\/v2\/users\/1"}],"replies":[{"embeddable":true,"href":"https:\/\/chacosintesis.com.ar\/index.php\/wp-json\/wp\/v2\/comments?post=22665"}],"version-history":[{"count":0,"href":"https:\/\/chacosintesis.com.ar\/index.php\/wp-json\/wp\/v2\/posts\/22665\/revisions"}],"wp:featuredmedia":[{"embeddable":true,"href":"https:\/\/chacosintesis.com.ar\/index.php\/wp-json\/wp\/v2\/media\/22666"}],"wp:attachment":[{"href":"https:\/\/chacosintesis.com.ar\/index.php\/wp-json\/wp\/v2\/media?parent=22665"}],"wp:term":[{"taxonomy":"category","embeddable":true,"href":"https:\/\/chacosintesis.com.ar\/index.php\/wp-json\/wp\/v2\/categories?post=22665"},{"taxonomy":"post_tag","embeddable":true,"href":"https:\/\/chacosintesis.com.ar\/index.php\/wp-json\/wp\/v2\/tags?post=22665"}],"curies":[{"name":"wp","href":"https:\/\/api.w.org\/{rel}","templated":true}]}}