{"id":22655,"date":"2023-06-13T15:33:48","date_gmt":"2023-06-13T18:33:48","guid":{"rendered":"https:\/\/chacosintesis.com.ar\/?p=22655"},"modified":"2023-06-13T15:36:51","modified_gmt":"2023-06-13T18:36:51","slug":"segundo-encuentro-del-ciclo-de-capacitacion-sobre-esi-en-el-colegio-industrial","status":"publish","type":"post","link":"https:\/\/chacosintesis.com.ar\/index.php\/segundo-encuentro-del-ciclo-de-capacitacion-sobre-esi-en-el-colegio-industrial\/","title":{"rendered":"Segundo encuentro del ciclo de capacitaci\u00f3n sobre ESI en el Colegio Industrial"},"content":{"rendered":"<p>El objetivo es abordar la Educaci\u00f3n Sexual Integral como herramienta clave para prevenir las violencias por motivos de g\u00e9nero.<br \/>\nEl ministro de Educaci\u00f3n, Cultura, Ciencia y Tecnolog\u00eda del Chaco Aldo Lineras, abri\u00f3 este martes la segunda edici\u00f3n del ciclo \u201cLa ESI como herramienta para prevenir las violencias por motivos de g\u00e9nero\u201d, en la Escuela T\u00e9cnica N\u00b0 21 \u201cGral. Manuel Belgrano\u201d, de Resistencia. El ciclo es organizado por el Programa Nacional de Educaci\u00f3n Sexual Integral (ESI) y el \u00c1rea de Convivencia Escolar del Ministerio de Educaci\u00f3n de la Naci\u00f3n, en articulaci\u00f3n con el Ministerio de las Mujeres, G\u00e9neros y Diversidad.<br \/>\nDe esta manera se profundiza el acompa\u00f1amiento a los equipos escolares en la comprensi\u00f3n de la problem\u00e1tica. \u201cEl objetivo es ir apropi\u00e1ndonos y aprendiendo las herramientas de la ley de ESI, fundamental para trabajar pedag\u00f3gicamente en las aulas, prevenir y erradicar todo tipo de violencias, principalmente la violencia por razones de g\u00e9neros, queremos escuelas que cuiden y alojen la diversidad, que acompa\u00f1en y sostengan trayectorias escolares, siempre desde el paradigma de derechos humanos y la perspectiva de g\u00e9neros\u201d, expres\u00f3 Lineras.<br \/>\nEsta capacitaci\u00f3n est\u00e1 destinada a los equipos t\u00e9cnicos del Ministerio de Educaci\u00f3n del Chaco, equipos de orientaci\u00f3n escolar y supervisores, as\u00ed como tambi\u00e9n, a equipos interdisciplinarios de g\u00e9nero nacionales y provinciales. La jornada se desarrolla de manera presencial, a trav\u00e9s de diferentes talleres, con una duraci\u00f3n de cuatro horas. Se trabaja a partir de situaciones espec\u00edficas y se comparte material que favorece su apropiaci\u00f3n y facilita las articulaciones territoriales entre los distintos equipos abocados al trabajo en materia de prevenci\u00f3n de las violencias.<br \/>\nLa directora de Derechos Humanos, G\u00e9neros y ESI de Educaci\u00f3n de Naci\u00f3n Celeste Adamoli destac\u00f3 la importancia del encuentro para trabajar las pr\u00e1cticas culturales y erradicar la violencia.  \u201cPensamos colectivamente como sociedad a la ESI como una forma de aprender a vincularnos, que nos ense\u00f1a como relacionarnos con otras y otros, es necesario trabajar entre \u00e1reas en conjunto\u201d, sostuvo.<br \/>\nLa subsecretaria de Abordaje Integral de las Violencias por Razones de G\u00e9nero de Naci\u00f3n Laurana Malacalza remarc\u00f3 el trabajo diario de las y los docentes  en escuelas y aulas para sostener el avance de una perspectiva de g\u00e9nero y garantizar los derechos. \u201cUna pol\u00edtica de prevenci\u00f3n de violencias de g\u00e9neros tiene que consolidarse a partir del trabajo que viene haciendo la ESI, y el trabajo articulado entre ministerios es una manera de tejer la trama de pol\u00edticas p\u00fablicas\u201d, indic\u00f3.<br \/>\nTambi\u00e9n estuvieron presentes la coordinadora de Gabinete del Ministerio de Educaci\u00f3n, Phipps Mar\u00eda; el director General de Pol\u00edticas Socioeducativas e Igualdad de G\u00e9neros, Santiago S\u00e1nchez; la directora de Bienestar Educativo, Bel\u00e9n Godoy; y directores, directoras, supervisores y supervisoras de diferentes Regionales Educativas.<\/p>\n","protected":false},"excerpt":{"rendered":"<p>El objetivo es abordar la Educaci\u00f3n Sexual Integral como herramienta clave para prevenir las violencias por motivos de g\u00e9nero. El ministro de Educaci\u00f3n, Cultura, Ciencia y Tecnolog\u00eda del Chaco Aldo Lineras, abri\u00f3 este martes la segunda edici\u00f3n del ciclo \u201cLa ESI como herramienta para prevenir las violencias por motivos de g\u00e9nero\u201d, en la Escuela T\u00e9cnica [&hellip;]<\/p>\n","protected":false},"author":1,"featured_media":22656,"comment_status":"closed","ping_status":"closed","sticky":false,"template":"","format":"standard","meta":{"footnotes":""},"categories":[6],"tags":[],"class_list":{"0":"post-22655","1":"post","2":"type-post","3":"status-publish","4":"format-standard","5":"has-post-thumbnail","7":"category-chaco"},"_links":{"self":[{"href":"https:\/\/chacosintesis.com.ar\/index.php\/wp-json\/wp\/v2\/posts\/22655","targetHints":{"allow":["GET"]}}],"collection":[{"href":"https:\/\/chacosintesis.com.ar\/index.php\/wp-json\/wp\/v2\/posts"}],"about":[{"href":"https:\/\/chacosintesis.com.ar\/index.php\/wp-json\/wp\/v2\/types\/post"}],"author":[{"embeddable":true,"href":"https:\/\/chacosintesis.com.ar\/index.php\/wp-json\/wp\/v2\/users\/1"}],"replies":[{"embeddable":true,"href":"https:\/\/chacosintesis.com.ar\/index.php\/wp-json\/wp\/v2\/comments?post=22655"}],"version-history":[{"count":0,"href":"https:\/\/chacosintesis.com.ar\/index.php\/wp-json\/wp\/v2\/posts\/22655\/revisions"}],"wp:featuredmedia":[{"embeddable":true,"href":"https:\/\/chacosintesis.com.ar\/index.php\/wp-json\/wp\/v2\/media\/22656"}],"wp:attachment":[{"href":"https:\/\/chacosintesis.com.ar\/index.php\/wp-json\/wp\/v2\/media?parent=22655"}],"wp:term":[{"taxonomy":"category","embeddable":true,"href":"https:\/\/chacosintesis.com.ar\/index.php\/wp-json\/wp\/v2\/categories?post=22655"},{"taxonomy":"post_tag","embeddable":true,"href":"https:\/\/chacosintesis.com.ar\/index.php\/wp-json\/wp\/v2\/tags?post=22655"}],"curies":[{"name":"wp","href":"https:\/\/api.w.org\/{rel}","templated":true}]}}