{"id":22651,"date":"2023-06-13T15:30:46","date_gmt":"2023-06-13T18:30:46","guid":{"rendered":"https:\/\/chacosintesis.com.ar\/?p=22651"},"modified":"2023-06-13T15:36:50","modified_gmt":"2023-06-13T18:36:50","slug":"donde-esta-cecilia-gloria-y-angela-continuan-la-busqueda-de-cecilia","status":"publish","type":"post","link":"https:\/\/chacosintesis.com.ar\/index.php\/donde-esta-cecilia-gloria-y-angela-continuan-la-busqueda-de-cecilia\/","title":{"rendered":"\u00bfD\u00f3nde est\u00e1 Cecilia? Gloria y \u00c1ngela contin\u00faan la b\u00fasqueda de Cecilia"},"content":{"rendered":"<p>La madre y la hermana de la joven chaque\u00f1a desaparecida hace 12 d\u00edas, piden que se haga justicia, aunque esperan &#8220;lo peor&#8221;.<br \/>\n\u00c1ngela, la hermana de Cecilia Strzyzowksi, dialog\u00f3 con un medio nacional y se refiri\u00f3 a las \u00faltimas conversaciones que tuvo con ella cuando le cont\u00f3 que iba a viajar en avi\u00f3n. La joven chaque\u00f1a de 28 a\u00f1os, que est\u00e1 desaparecida desde el 1\u00b0 de junio, le dijo a su hermana que estaba \u201cmitad emocionada, mitad asustada\u201d. Seg\u00fan lo que le hab\u00eda contado, Cecilia iba a ir a Ushuaia junto a su marido C\u00e9sar Sena, hijo de los dirigentes sociales Emerenciano Sena y Marcela Acu\u00f1a. La noche del jueves 1\u00b0 de junio, Cecilia hab\u00eda hecho una videollamada con su mam\u00e1, Gloria Romero. \u201cMe cont\u00f3 que estaba armando el bolso y me dijo que C\u00e9sar iba a venir hasta casa para traerme a su perrita, porque la hab\u00edan operado y quer\u00eda que se yo la cuidara. Hasta me dio indicaciones de qu\u00e9 darle de comer&#8230;\u201d,cont\u00f3 la mujer a Infobae. El 2 de junio, Cecilia le escribi\u00f3 a su hermana, \u00c1ngela y le dijo: \u201c\u00bfEst\u00e1s despierta? Nos estamos yendo pal sur (sic) y quer\u00eda despedirme por si se cae el avi\u00f3n jeje\u201d, le dijo en un mensaje de WhatsApp que envi\u00f3 a las 1.33 am. \u201c\u00bfSab\u00edas que hay menos posibilidades de que tengas un accidente en avi\u00f3n que en un coche?\u201d, retruc\u00f3 \u00c1ngela para tranquilizarla. Y agreg\u00f3: \u201cQue tengas un lindo viaje\u201d. \u201cGracias. Te amo\u201d, le contest\u00f3 Cecilia. \u201cPasan las horas, pasan los d\u00edas y mi hija sigue sin aparecer. Lo vengo diciendo hace rato: yo espero lo peor. No tengo esperanzas. Creo que para mi hija ya es tarde. Solo espero que encuentren su cuerpo y seguir como se pueda, porque no s\u00e9 c\u00f3mo se sigue despu\u00e9s de perder a un hijo\u201d, afirm\u00f3 Gloria y coment\u00f3 que luego de aquella videollamada recibi\u00f3 en su domicilio a C\u00e9sar Sena, quien le llev\u00f3 a la perra y algo de dinero para que le comprara el alimento balanceado mientras ellos estaban de viaje. El caso, que investiga la desaparici\u00f3n desde hace 12 d\u00edas de Cecilia Strzyzowksi, lo lleva adelante el titular de la Fiscal\u00eda Especial en Violencia de G\u00e9nero 4, Sergio C\u00e1ceres Olivera. Por la magnitud del mismo, en las \u00faltimas horas, el Ministerio P\u00fablico Fiscal local decidi\u00f3 sumar un fiscal de c\u00e1mara a la investigaci\u00f3n. Se trata de Jorge Fernando G\u00f3mez, quien se unir\u00e1 al equipo este martes.<br \/>\n Pedido de colaboraci\u00f3n a la sociedad<br \/>\nCecilia fue vista por \u00faltima vez el 1 de junio, mide 1,65 metros, tiene cabello casta\u00f1o oscuro, lacio y tez blanca. Al momento de su desaparici\u00f3n, vest\u00eda un pantal\u00f3n tipo buzo, color gris claro, un saco tipo campera color gris oscuro, con zapatillas color gris con rosado. Se solicita a la sociedad dar alerta a cualquier n\u00famero de emergencia como el servicio 911, la L\u00ednea 137 y la Guardia de G\u00e9nero (362) 474-6518 si tienen alg\u00fan dato sobre su paradero.<\/p>\n","protected":false},"excerpt":{"rendered":"<p>La madre y la hermana de la joven chaque\u00f1a desaparecida hace 12 d\u00edas, piden que se haga justicia, aunque esperan &#8220;lo peor&#8221;. \u00c1ngela, la hermana de Cecilia Strzyzowksi, dialog\u00f3 con un medio nacional y se refiri\u00f3 a las \u00faltimas conversaciones que tuvo con ella cuando le cont\u00f3 que iba a viajar en avi\u00f3n. La joven [&hellip;]<\/p>\n","protected":false},"author":1,"featured_media":22652,"comment_status":"closed","ping_status":"closed","sticky":false,"template":"","format":"standard","meta":{"footnotes":""},"categories":[6],"tags":[],"class_list":{"0":"post-22651","1":"post","2":"type-post","3":"status-publish","4":"format-standard","5":"has-post-thumbnail","7":"category-chaco"},"_links":{"self":[{"href":"https:\/\/chacosintesis.com.ar\/index.php\/wp-json\/wp\/v2\/posts\/22651","targetHints":{"allow":["GET"]}}],"collection":[{"href":"https:\/\/chacosintesis.com.ar\/index.php\/wp-json\/wp\/v2\/posts"}],"about":[{"href":"https:\/\/chacosintesis.com.ar\/index.php\/wp-json\/wp\/v2\/types\/post"}],"author":[{"embeddable":true,"href":"https:\/\/chacosintesis.com.ar\/index.php\/wp-json\/wp\/v2\/users\/1"}],"replies":[{"embeddable":true,"href":"https:\/\/chacosintesis.com.ar\/index.php\/wp-json\/wp\/v2\/comments?post=22651"}],"version-history":[{"count":0,"href":"https:\/\/chacosintesis.com.ar\/index.php\/wp-json\/wp\/v2\/posts\/22651\/revisions"}],"wp:featuredmedia":[{"embeddable":true,"href":"https:\/\/chacosintesis.com.ar\/index.php\/wp-json\/wp\/v2\/media\/22652"}],"wp:attachment":[{"href":"https:\/\/chacosintesis.com.ar\/index.php\/wp-json\/wp\/v2\/media?parent=22651"}],"wp:term":[{"taxonomy":"category","embeddable":true,"href":"https:\/\/chacosintesis.com.ar\/index.php\/wp-json\/wp\/v2\/categories?post=22651"},{"taxonomy":"post_tag","embeddable":true,"href":"https:\/\/chacosintesis.com.ar\/index.php\/wp-json\/wp\/v2\/tags?post=22651"}],"curies":[{"name":"wp","href":"https:\/\/api.w.org\/{rel}","templated":true}]}}