{"id":22639,"date":"2023-06-13T15:17:35","date_gmt":"2023-06-13T18:17:35","guid":{"rendered":"https:\/\/chacosintesis.com.ar\/?p=22639"},"modified":"2023-06-13T15:36:42","modified_gmt":"2023-06-13T18:36:42","slug":"chaco-registra-7-961-casos-de-dengue","status":"publish","type":"post","link":"https:\/\/chacosintesis.com.ar\/index.php\/chaco-registra-7-961-casos-de-dengue\/","title":{"rendered":"Chaco registra 7.961 casos de dengue"},"content":{"rendered":"<p>El Ministerio de Salud P\u00fablica del Chaco informa que, desde el 1 de enero de 2023 a la fecha, se notificaron en la provincia 7.961 casos positivos de Dengue y 587 se encuentran en estudio. En las \u00faltimas horas se intervino con t\u00e9cnica de fumigaci\u00f3n espacial en las localidades de Villa \u00c1ngela y Juan Jos\u00e9 Castelli, y en el \u00c1rea Metropolitana del Gran Resistencia en la zona comprendida entre las siguientes calles y avenidas: Belgrano, Las Heras, Castelli y Julio A. Roca. La cartera sanitaria insta a la poblaci\u00f3n a estar alerta ante la aparici\u00f3n de los siguientes s\u00edntomas: fiebre, dolor de cabeza, dolor detr\u00e1s de los ojos, dolor muscular y de articulaciones, n\u00e1useas o v\u00f3mitos, cansancio extremo, aparici\u00f3n de manchas en la piel, picaz\u00f3n y\/o sangrado en la nariz o enc\u00edas. Solicita no automedicarse y acudir de inmediato al hospital o centro de salud m\u00e1s cercano ante la aparici\u00f3n de estos s\u00edntomas. Se reitera la importancia de eliminar y\/o vaciar cualquier recipiente que acumule o pueda acumular agua en nuestras casas y espacios p\u00fablicos, para evitar la propagaci\u00f3n del mosquito transmisor Aedes aegypti.<\/p>\n","protected":false},"excerpt":{"rendered":"<p>El Ministerio de Salud P\u00fablica del Chaco informa que, desde el 1 de enero de 2023 a la fecha, se notificaron en la provincia 7.961 casos positivos de Dengue y 587 se encuentran en estudio. En las \u00faltimas horas se intervino con t\u00e9cnica de fumigaci\u00f3n espacial en las localidades de Villa \u00c1ngela y Juan Jos\u00e9 [&hellip;]<\/p>\n","protected":false},"author":1,"featured_media":22640,"comment_status":"closed","ping_status":"closed","sticky":false,"template":"","format":"standard","meta":{"footnotes":""},"categories":[6],"tags":[],"class_list":{"0":"post-22639","1":"post","2":"type-post","3":"status-publish","4":"format-standard","5":"has-post-thumbnail","7":"category-chaco"},"_links":{"self":[{"href":"https:\/\/chacosintesis.com.ar\/index.php\/wp-json\/wp\/v2\/posts\/22639","targetHints":{"allow":["GET"]}}],"collection":[{"href":"https:\/\/chacosintesis.com.ar\/index.php\/wp-json\/wp\/v2\/posts"}],"about":[{"href":"https:\/\/chacosintesis.com.ar\/index.php\/wp-json\/wp\/v2\/types\/post"}],"author":[{"embeddable":true,"href":"https:\/\/chacosintesis.com.ar\/index.php\/wp-json\/wp\/v2\/users\/1"}],"replies":[{"embeddable":true,"href":"https:\/\/chacosintesis.com.ar\/index.php\/wp-json\/wp\/v2\/comments?post=22639"}],"version-history":[{"count":0,"href":"https:\/\/chacosintesis.com.ar\/index.php\/wp-json\/wp\/v2\/posts\/22639\/revisions"}],"wp:featuredmedia":[{"embeddable":true,"href":"https:\/\/chacosintesis.com.ar\/index.php\/wp-json\/wp\/v2\/media\/22640"}],"wp:attachment":[{"href":"https:\/\/chacosintesis.com.ar\/index.php\/wp-json\/wp\/v2\/media?parent=22639"}],"wp:term":[{"taxonomy":"category","embeddable":true,"href":"https:\/\/chacosintesis.com.ar\/index.php\/wp-json\/wp\/v2\/categories?post=22639"},{"taxonomy":"post_tag","embeddable":true,"href":"https:\/\/chacosintesis.com.ar\/index.php\/wp-json\/wp\/v2\/tags?post=22639"}],"curies":[{"name":"wp","href":"https:\/\/api.w.org\/{rel}","templated":true}]}}