{"id":22631,"date":"2023-06-13T10:15:58","date_gmt":"2023-06-13T13:15:58","guid":{"rendered":"https:\/\/chacosintesis.com.ar\/?p=22631"},"modified":"2023-06-13T10:36:59","modified_gmt":"2023-06-13T13:36:59","slug":"resistencia-solicitan-colaboracion-para-dar-con-el-paradero-de-cesar-fernandez","status":"publish","type":"post","link":"https:\/\/chacosintesis.com.ar\/index.php\/resistencia-solicitan-colaboracion-para-dar-con-el-paradero-de-cesar-fernandez\/","title":{"rendered":"Resistencia: Solicitan colaboraci\u00f3n para dar con el paradero de C\u00e9sar Fern\u00e1ndez"},"content":{"rendered":"<p>La Polic\u00eda del Chaco, en base a una denuncia registrada en la Comisar\u00eda Quinta de Resistencia, solicita a la comunidad su colaboraci\u00f3n para informar a la unidad policial m\u00e1s cercana, sobre informaci\u00f3n relacionada al paradero de C\u00e9sar Alejandro Fern\u00e1ndez, de 23 a\u00f1os, 1,80 metros de altura, contextura f\u00edsica delgada, tez blanca, cabello corto casta\u00f1o, ojos color marrones oscuros.<br \/>\nEl joven fue visto por \u00faltima vez en Barrio 13 De Diciembre, el 12 de junio,  usando un buzo con capucha gris, pantal\u00f3n buzo gris y zapatillas grises.<br \/>\nAnte cualquier novedad sobre la persona, acercarse a la unidad m\u00e1s pr\u00f3xima a su domicilio o bien comunicarse con la Comisar\u00eda Quinta Resistencia al 3624385649 o al servicio de emergencias 911.<\/p>\n","protected":false},"excerpt":{"rendered":"<p>La Polic\u00eda del Chaco, en base a una denuncia registrada en la Comisar\u00eda Quinta de Resistencia, solicita a la comunidad su colaboraci\u00f3n para informar a la unidad policial m\u00e1s cercana, sobre informaci\u00f3n relacionada al paradero de C\u00e9sar Alejandro Fern\u00e1ndez, de 23 a\u00f1os, 1,80 metros de altura, contextura f\u00edsica delgada, tez blanca, cabello corto casta\u00f1o, ojos [&hellip;]<\/p>\n","protected":false},"author":1,"featured_media":22632,"comment_status":"closed","ping_status":"closed","sticky":false,"template":"","format":"standard","meta":{"footnotes":""},"categories":[6],"tags":[],"class_list":{"0":"post-22631","1":"post","2":"type-post","3":"status-publish","4":"format-standard","5":"has-post-thumbnail","7":"category-chaco"},"_links":{"self":[{"href":"https:\/\/chacosintesis.com.ar\/index.php\/wp-json\/wp\/v2\/posts\/22631","targetHints":{"allow":["GET"]}}],"collection":[{"href":"https:\/\/chacosintesis.com.ar\/index.php\/wp-json\/wp\/v2\/posts"}],"about":[{"href":"https:\/\/chacosintesis.com.ar\/index.php\/wp-json\/wp\/v2\/types\/post"}],"author":[{"embeddable":true,"href":"https:\/\/chacosintesis.com.ar\/index.php\/wp-json\/wp\/v2\/users\/1"}],"replies":[{"embeddable":true,"href":"https:\/\/chacosintesis.com.ar\/index.php\/wp-json\/wp\/v2\/comments?post=22631"}],"version-history":[{"count":0,"href":"https:\/\/chacosintesis.com.ar\/index.php\/wp-json\/wp\/v2\/posts\/22631\/revisions"}],"wp:featuredmedia":[{"embeddable":true,"href":"https:\/\/chacosintesis.com.ar\/index.php\/wp-json\/wp\/v2\/media\/22632"}],"wp:attachment":[{"href":"https:\/\/chacosintesis.com.ar\/index.php\/wp-json\/wp\/v2\/media?parent=22631"}],"wp:term":[{"taxonomy":"category","embeddable":true,"href":"https:\/\/chacosintesis.com.ar\/index.php\/wp-json\/wp\/v2\/categories?post=22631"},{"taxonomy":"post_tag","embeddable":true,"href":"https:\/\/chacosintesis.com.ar\/index.php\/wp-json\/wp\/v2\/tags?post=22631"}],"curies":[{"name":"wp","href":"https:\/\/api.w.org\/{rel}","templated":true}]}}