{"id":22629,"date":"2023-06-13T10:14:33","date_gmt":"2023-06-13T13:14:33","guid":{"rendered":"https:\/\/chacosintesis.com.ar\/?p=22629"},"modified":"2023-06-13T10:36:59","modified_gmt":"2023-06-13T13:36:59","slug":"mientras-otros-se-la-pasan-criticando-nosotros-demostramos-que-se-puede-gobernar-con-un-estado-ordenado","status":"publish","type":"post","link":"https:\/\/chacosintesis.com.ar\/index.php\/mientras-otros-se-la-pasan-criticando-nosotros-demostramos-que-se-puede-gobernar-con-un-estado-ordenado\/","title":{"rendered":"\u201cMientras otros se la pasan criticando, nosotros demostramos que se puede gobernar con un Estado ordenado\u201d"},"content":{"rendered":"<p>El gobernador y precandidato a la reelecci\u00f3n por el Frente Chaque\u00f1o particip\u00f3 de dos nuevas y multitudinarias convocatorias en la recta final camino a las PASO del domingo. \u201cEl pueblo sabe que puede contar con nosotros para seguir construyendo juntos lo que sabemos que nos falta\u201d, asegur\u00f3.<\/p>\n<p>El gobernador Jorge Capitanich particip\u00f3 este lunes de dos nuevos actos de cierre de campa\u00f1a, esta vez en Machagai y Quitilipi donde ante multitudinarios marcos llam\u00f3 al pueblo a \u201cseguir construyendo el futuro del Chaco\u201d.<br \/>\nDe cara a las PASO de este domingo 18 de junio, el mandatario y precandidato a la reelecci\u00f3n destac\u00f3 las propuestas del Frente Chaque\u00f1o (FCH) para afianzar el modelo de crecimiento con inclusi\u00f3n.<br \/>\n\u201cHoy estamos ac\u00e1 para pedir a las chaque\u00f1as y los chaque\u00f1os el m\u00e1ximo respaldo popular para, con una contundente victoria electoral ahora y en septiembre, seguir haciendo, para construir juntos lo que sabemos que nos falta\u201d, asegur\u00f3 Coqui.<br \/>\nLos actos, que tuvieron lugar en Machagai y Quitilipi, contaron con la presencia de la vicegobernadora Anal\u00eda Rach Quiroga; de precandidatos y precandidatas a legisladores; y precandidatos a intendente de distintas ciudades de la zona Centro.<br \/>\nEn su mensaje al pueblo, el jefe del Ejecutivo hizo un extenso repaso por los logros m\u00e1s sobresalientes de sus tres mandatos al frente de la Provincia en materia de educaci\u00f3n, salud, producci\u00f3n, industrializaci\u00f3n, generaci\u00f3n de empleo privado formal, seguridad, infraestructura y acceso a la cultura, al deporte y un ambiente sano.<br \/>\n\u201cEl futuro es nuestro, es de todas y todos; por eso tenemos que continuar por este camino que garantiza crecimiento con inclusi\u00f3n y unidad en la diversidad\u201d, enfatiz\u00f3.<br \/>\nCapitanich mencion\u00f3 el Plan Quinquenal 2023-2027 con el que el FCH avanzar\u00e1 en los pr\u00f3ximos cuatro a\u00f1os en distintas cuestiones de relevancia para la sociedad: m\u00e1s obras p\u00fablicas, m\u00e1s empleo de calidad y mayor cobertura sanitaria, entre otras grandes tem\u00e1ticas.<br \/>\n\u201cNosotros fuimos y somos capaces de demostrar la mejor gesti\u00f3n de la historia del Chaco; y mientras otros se la pasan hablando y criticando, nosotros demostramos que se puede gobernar bien y con un Estado ordenado\u201d, apunt\u00f3.<br \/>\nLiderazgo y gesti\u00f3n<br \/>\n El mandatario hizo hincapi\u00e9 en la \u201ccapacidad de liderazgo y gesti\u00f3n\u201d que permiti\u00f3 comandar la provincia en circunstancias adversas o en distintas crisis que se han presentado a lo largo de los \u00faltimos 16 a\u00f1os.<br \/>\n\u201cTenemos como bandera el cari\u00f1o y el amor de un pueblo que sabe reconocer el esfuerzo que hacemos; y que sabe que el Chaco con nosotros nunca dej\u00f3 de crecer\u201d, agreg\u00f3.<br \/>\n\u201cGobernamos con transparencia, honestidad y honradez y tambi\u00e9n con un manejo claro y pr\u00edstino en lo que hace a la asignaci\u00f3n de los recursos; y todo eso lo hacemos con compromiso, austeridad, calidad y eficiencia\u201d, remarc\u00f3.<\/p>\n<p>\u201cHan fracasado\u201d<\/p>\n<p>En otro tramo de su discurso, Coqui apunt\u00f3 con dirigentes opositores que \u201chan fracasado sucesivamente\u201d pero que ahora \u201cquieren venir a dar c\u00e1tedra de gesti\u00f3n o de c\u00f3mo hay que hacer las cosas\u201d.<br \/>\n\u201cNo voy a aceptar m\u00e1s estos intentos de extorsi\u00f3n pol\u00edtica por parte de la oposici\u00f3n o de advenedizos que integraron nuestro espacio pero que solo han cosechado fracaso tras fracaso en la Provincia o en el municipio\u201d, dispar\u00f3.<br \/>\n\u201cDejen de mentir, dejen de injuriar y dejen de difamar porque as\u00ed no se construye nada y tampoco se conquista el amor del pueblo porque es justamente el pueblo el que sabe qui\u00e9nes somos los que siempre estuvimos de su lado\u201d, agreg\u00f3.<\/p>\n<p>Compromiso con Quitilipi<\/p>\n<p>Durante el primer acto de cierre de este lunes en Quitilipi el gobernador pidi\u00f3 el acompa\u00f1amiento popular al precandidato a intendente del FCH Alfredo Zamora \u201cpara recuperar la ciudad\u201d.<br \/>\n\u201cEl pueblo de Quitilipi sabe que estamos invirtiendo m\u00e1s de $300 millones en distintas obras de infraestructura escolar, que van desde el jard\u00edn de infantes hasta la formaci\u00f3n t\u00e9cnico profesional. Quitilipi sabe que tiene un instituto de formaci\u00f3n terciaria que hicimos nosotros\u201d, record\u00f3 Coqui desde la Plaza Evita.<br \/>\nEn la ciudad, el Gobierno provincial construy\u00f3 cerca de 200 cuadras de pavimento urbano, 256 viviendas y soluciones habitacionales, adem\u00e1s de la entrega de t\u00edtulos de propiedad de viviendas para familias locales, la estaci\u00f3n transformadora local, infraestructura para la conectividad vial en rutas, un Centro de Desarrollo Infantil, y un play\u00f3n deportivo, entre otras obras.<br \/>\n\u201cEstamos aqu\u00ed para decirle al pueblo de Quitilipi que no tenga dudas sobre el futuro, porque a\u00fan en todas las adversidades, con sequ\u00edas, inundaciones, crisis financiera internacional, recesi\u00f3n, a\u00fan con pandemia, somos capaces de gobernar en las peores circunstancias. Siempre crecimos, siempre generamos empleo y siempre estuvimos con el pueblo\u201d, afirm\u00f3.<br \/>\n\u201cEl liderazgo pol\u00edtico es resolver problemas en condiciones de incertidumbre\u201d, dijo Capitanich, quien hizo un llamado a la militancia para sumar votos que permitan que Quitilipi forme parte de las localidades gobernadas por el Frente Chaque\u00f1o.<br \/>\n\u201cTodos saben que cuando estuvimos con el mismo signo hicimos mucho, y a\u00fan hoy no hemos discriminado, pero nos sentimos identificados con nuestros compa\u00f1eros y compa\u00f1eras para hacer lo que hay que hacer\u201d, sintetiz\u00f3.<br \/>\nDe ambos actos de este lunes participaron las y los precandidatos a diputados provinciales Santiago P\u00e9rez Pons, Mar\u00eda P\u00eda Chiacchio Cavana, Nicol\u00e1s Slimel, Sebasti\u00e1n Ben\u00edtez Molas, Mariela Guerra, Carla Prette y Luciano Moser; y los precandidatos a intendente Juan Manuel Garc\u00eda (de Machagai) y Zamora (de Quitilipi).<\/p>\n","protected":false},"excerpt":{"rendered":"<p>El gobernador y precandidato a la reelecci\u00f3n por el Frente Chaque\u00f1o particip\u00f3 de dos nuevas y multitudinarias convocatorias en la recta final camino a las PASO del domingo. \u201cEl pueblo sabe que puede contar con nosotros para seguir construyendo juntos lo que sabemos que nos falta\u201d, asegur\u00f3. El gobernador Jorge Capitanich particip\u00f3 este lunes de [&hellip;]<\/p>\n","protected":false},"author":1,"featured_media":22630,"comment_status":"closed","ping_status":"closed","sticky":false,"template":"","format":"standard","meta":{"footnotes":""},"categories":[6],"tags":[],"class_list":{"0":"post-22629","1":"post","2":"type-post","3":"status-publish","4":"format-standard","5":"has-post-thumbnail","7":"category-chaco"},"_links":{"self":[{"href":"https:\/\/chacosintesis.com.ar\/index.php\/wp-json\/wp\/v2\/posts\/22629","targetHints":{"allow":["GET"]}}],"collection":[{"href":"https:\/\/chacosintesis.com.ar\/index.php\/wp-json\/wp\/v2\/posts"}],"about":[{"href":"https:\/\/chacosintesis.com.ar\/index.php\/wp-json\/wp\/v2\/types\/post"}],"author":[{"embeddable":true,"href":"https:\/\/chacosintesis.com.ar\/index.php\/wp-json\/wp\/v2\/users\/1"}],"replies":[{"embeddable":true,"href":"https:\/\/chacosintesis.com.ar\/index.php\/wp-json\/wp\/v2\/comments?post=22629"}],"version-history":[{"count":0,"href":"https:\/\/chacosintesis.com.ar\/index.php\/wp-json\/wp\/v2\/posts\/22629\/revisions"}],"wp:featuredmedia":[{"embeddable":true,"href":"https:\/\/chacosintesis.com.ar\/index.php\/wp-json\/wp\/v2\/media\/22630"}],"wp:attachment":[{"href":"https:\/\/chacosintesis.com.ar\/index.php\/wp-json\/wp\/v2\/media?parent=22629"}],"wp:term":[{"taxonomy":"category","embeddable":true,"href":"https:\/\/chacosintesis.com.ar\/index.php\/wp-json\/wp\/v2\/categories?post=22629"},{"taxonomy":"post_tag","embeddable":true,"href":"https:\/\/chacosintesis.com.ar\/index.php\/wp-json\/wp\/v2\/tags?post=22629"}],"curies":[{"name":"wp","href":"https:\/\/api.w.org\/{rel}","templated":true}]}}