{"id":22627,"date":"2023-06-13T10:12:10","date_gmt":"2023-06-13T13:12:10","guid":{"rendered":"https:\/\/chacosintesis.com.ar\/?p=22627"},"modified":"2023-06-13T10:36:57","modified_gmt":"2023-06-13T13:36:57","slug":"dia-clave-el-clan-sena-en-fiscalia-para-las-declaraciones-de-imputados","status":"publish","type":"post","link":"https:\/\/chacosintesis.com.ar\/index.php\/dia-clave-el-clan-sena-en-fiscalia-para-las-declaraciones-de-imputados\/","title":{"rendered":"D\u00eda clave: el &#8220;Clan Sena&#8221; en fiscal\u00eda para las declaraciones de imputados"},"content":{"rendered":"<p>Cecilia Strzyzowski cumple este martes 12 d\u00edas desaparecida. En la noche del jueves 1 de junio, fue vista por \u00faltima vez por su familia. Sub\u00eda a la camioneta Hilux blanca de C\u00e9sar Sena para dirigirse a la casa de sus suegros, Emerenciano y Marcela Acu\u00f1a. Sus seres queridos no volvieron a saber nada de ella. Pensaban que viajar\u00eda con su pareja a Buenos Aires para luego ir a Tierra del Fuego por un ofrecimiento laboral, pero nunca hab\u00eda salido de la provincia. Desde aquel jueves a hoy, martes, su desaparici\u00f3n caus\u00f3 un verdadero torbellino social, judicial y pol\u00edtico, y ahora lleg\u00f3 el turno de que los detenidos comiencen a desfilar ante el fiscal.<\/p>\n<p> Antes de llegar a esta instancia clave, pasaron cuatro d\u00edas de m\u00e1xima intensidad desde el viernes 9, cuando se dispararon las medidas que incluyeron allanamientos, pedidos de informes tecnol\u00f3gicos, pericias telef\u00f3nicas y de geolocalizaci\u00f3n, secuestros de elementos de inter\u00e9s, toma de muestras biol\u00f3gicas y de restos \u00f3seos, declaraciones testimoniales y las detenciones de, hasta ahora, siete personas en el marco de la investigaci\u00f3n por la desaparici\u00f3n y posible femicidio de la joven de 28 a\u00f1os que lleva adelante el fiscal especial en tem\u00e1tica de g\u00e9nero, Jorge C\u00e1ceres Olivera y que a partir de ayer cuenta con el fiscal de c\u00e1mara Jorge Fernando G\u00f3mez como coadyuvante, tras el pedido realizado por la querella particular, a cargo de la abogada Carina G\u00f3mez con el patrocinio de los letrados Jos\u00e9 Rene Galassi y Alicia Medina de conformar un equipo fiscal especial ante la magnitud y complejidad de la causa, solicitud que tuvo una resoluci\u00f3n favorable desde la Procuraci\u00f3n general de la Provincia.<br \/>\nCon todos los informes recibidos de las actuaciones llevadas a cabo hasta ahora, el fiscal tiene todo listo para comenzar a recibir las declaraciones de imputados desde hoy de C\u00e9sar Sena, Emerenciano Sena y Marcela Acu\u00f1a, el tridente que concentra la mayor atenci\u00f3n en este impactante caso, adem\u00e1s de Fabiana Gonz\u00e1lez, Gustavo Obreg\u00f3n, Gustavo Melgarejo y un s\u00e9ptima detenido del que no se conoci\u00f3 la identidad. Es muy posible que los mencionados se abstengan de declarar.<br \/>\nPor lo que se puede inferir a partir de lo que se fue conociendo y de las declaraciones p\u00fablicas que emiti\u00f3, C\u00e1ceres Olivera avanzar\u00eda en la imputaci\u00f3n como autor material de femicidio contra C\u00e9sar Sena y posiblemente figuras de coautor\u00eda para sus padres y encubrimiento agravado para Gonz\u00e1lez y Obreg\u00f3n.<br \/>\n DIARIO NORTE.-<\/p>\n","protected":false},"excerpt":{"rendered":"<p>Cecilia Strzyzowski cumple este martes 12 d\u00edas desaparecida. En la noche del jueves 1 de junio, fue vista por \u00faltima vez por su familia. Sub\u00eda a la camioneta Hilux blanca de C\u00e9sar Sena para dirigirse a la casa de sus suegros, Emerenciano y Marcela Acu\u00f1a. Sus seres queridos no volvieron a saber nada de ella. [&hellip;]<\/p>\n","protected":false},"author":1,"featured_media":22628,"comment_status":"closed","ping_status":"closed","sticky":false,"template":"","format":"standard","meta":{"footnotes":""},"categories":[6],"tags":[197],"class_list":{"0":"post-22627","1":"post","2":"type-post","3":"status-publish","4":"format-standard","5":"has-post-thumbnail","7":"category-chaco","8":"tag-destacada"},"_links":{"self":[{"href":"https:\/\/chacosintesis.com.ar\/index.php\/wp-json\/wp\/v2\/posts\/22627","targetHints":{"allow":["GET"]}}],"collection":[{"href":"https:\/\/chacosintesis.com.ar\/index.php\/wp-json\/wp\/v2\/posts"}],"about":[{"href":"https:\/\/chacosintesis.com.ar\/index.php\/wp-json\/wp\/v2\/types\/post"}],"author":[{"embeddable":true,"href":"https:\/\/chacosintesis.com.ar\/index.php\/wp-json\/wp\/v2\/users\/1"}],"replies":[{"embeddable":true,"href":"https:\/\/chacosintesis.com.ar\/index.php\/wp-json\/wp\/v2\/comments?post=22627"}],"version-history":[{"count":0,"href":"https:\/\/chacosintesis.com.ar\/index.php\/wp-json\/wp\/v2\/posts\/22627\/revisions"}],"wp:featuredmedia":[{"embeddable":true,"href":"https:\/\/chacosintesis.com.ar\/index.php\/wp-json\/wp\/v2\/media\/22628"}],"wp:attachment":[{"href":"https:\/\/chacosintesis.com.ar\/index.php\/wp-json\/wp\/v2\/media?parent=22627"}],"wp:term":[{"taxonomy":"category","embeddable":true,"href":"https:\/\/chacosintesis.com.ar\/index.php\/wp-json\/wp\/v2\/categories?post=22627"},{"taxonomy":"post_tag","embeddable":true,"href":"https:\/\/chacosintesis.com.ar\/index.php\/wp-json\/wp\/v2\/tags?post=22627"}],"curies":[{"name":"wp","href":"https:\/\/api.w.org\/{rel}","templated":true}]}}